{"id":5210,"date":"2018-10-01T11:18:57","date_gmt":"2018-10-01T09:18:57","guid":{"rendered":"http:\/\/www.ekimeissenheim.de\/?p=5210"},"modified":"2018-10-01T11:18:57","modified_gmt":"2018-10-01T09:18:57","slug":"erntedank-kuerzell-ehrungen-des-kirchenchores","status":"publish","type":"post","link":"https:\/\/www.ekimeissenheim.de\/?p=5210","title":{"rendered":"Erntedank K\u00fcrzell &#8211; Ehrungen des Kirchenchores"},"content":{"rendered":"<p><a href=\"http:\/\/www.ekimeissenheim.de\/wp-content\/uploads\/Erntedank-2018-K\u00fcrzell.jpg\"><img loading=\"lazy\" decoding=\"async\" class=\"alignleft size-full wp-image-5211\" src=\"http:\/\/www.ekimeissenheim.de\/wp-content\/uploads\/Erntedank-2018-K\u00fcrzell.jpg\" alt=\"\" width=\"1000\" height=\"667\" srcset=\"https:\/\/www.ekimeissenheim.de\/wp-content\/uploads\/Erntedank-2018-K\u00fcrzell.jpg 1000w, https:\/\/www.ekimeissenheim.de\/wp-content\/uploads\/Erntedank-2018-K\u00fcrzell-300x200.jpg 300w, https:\/\/www.ekimeissenheim.de\/wp-content\/uploads\/Erntedank-2018-K\u00fcrzell-768x512.jpg 768w\" sizes=\"auto, (max-width: 1000px) 100vw, 1000px\" \/><\/a><\/p>\n<p>Im Erntedankgottesdienst in K\u00fcrzell wurden auch Kirchenchormitglieder aus K\u00fcrzell geehrt. Die Obfrau des Kirchenchores Herta Hannemann berichtete \u00fcber die zu Ehrenden. Ilse Roll ist seit 50 Jahren Chormitglied, Sigrid Kunz seit 35 Jahren und Clarissa Maletz singt seit 25 Jahren im Kirchenchor. Die Sangeskarriere der drei Jubilarinnen begann im Kirchenchor K\u00fcrzell. Nachdem der Kirchenchor in K\u00fcrzell aufgel\u00f6st werden musste, wechselten die S\u00e4ngerinnen nach Mei\u00dfenheim in den Chor.<\/p>\n<p><a href=\"http:\/\/www.ekimeissenheim.de\/wp-content\/uploads\/Erntedank-2018-K\u00fc-KiChor-Ehrungen.jpg\"><img loading=\"lazy\" decoding=\"async\" class=\"alignleft size-full wp-image-5212\" src=\"http:\/\/www.ekimeissenheim.de\/wp-content\/uploads\/Erntedank-2018-K\u00fc-KiChor-Ehrungen.jpg\" alt=\"\" width=\"1000\" height=\"667\" srcset=\"https:\/\/www.ekimeissenheim.de\/wp-content\/uploads\/Erntedank-2018-K\u00fc-KiChor-Ehrungen.jpg 1000w, https:\/\/www.ekimeissenheim.de\/wp-content\/uploads\/Erntedank-2018-K\u00fc-KiChor-Ehrungen-300x200.jpg 300w, https:\/\/www.ekimeissenheim.de\/wp-content\/uploads\/Erntedank-2018-K\u00fc-KiChor-Ehrungen-768x512.jpg 768w\" sizes=\"auto, (max-width: 1000px) 100vw, 1000px\" \/><\/a><\/p>\n","protected":false},"excerpt":{"rendered":"<p>Im Erntedankgottesdienst in K\u00fcrzell wurden auch Kirchenchormitglieder aus K\u00fcrzell geehrt. Die Obfrau des Kirchenchores Herta Hannemann berichtete \u00fcber die zu Ehrenden. Ilse Roll ist seit 50 Jahren Chormitglied, Sigrid Kunz seit 35 Jahren und Clarissa Maletz singt seit 25 Jahren &hellip; <a href=\"https:\/\/www.ekimeissenheim.de\/?p=5210\">Weiterlesen <span class=\"meta-nav\">&rarr;<\/span><\/a><\/p>\n","protected":false},"author":2,"featured_media":0,"comment_status":"open","ping_status":"open","sticky":false,"template":"","format":"standard","meta":{"ngg_post_thumbnail":0,"footnotes":""},"categories":[1],"tags":[],"class_list":["post-5210","post","type-post","status-publish","format-standard","hentry","category-allgemein"],"_links":{"self":[{"href":"https:\/\/www.ekimeissenheim.de\/index.php?rest_route=\/wp\/v2\/posts\/5210","targetHints":{"allow":["GET"]}}],"collection":[{"href":"https:\/\/www.ekimeissenheim.de\/index.php?rest_route=\/wp\/v2\/posts"}],"about":[{"href":"https:\/\/www.ekimeissenheim.de\/index.php?rest_route=\/wp\/v2\/types\/post"}],"author":[{"embeddable":true,"href":"https:\/\/www.ekimeissenheim.de\/index.php?rest_route=\/wp\/v2\/users\/2"}],"replies":[{"embeddable":true,"href":"https:\/\/www.ekimeissenheim.de\/index.php?rest_route=%2Fwp%2Fv2%2Fcomments&post=5210"}],"version-history":[{"count":1,"href":"https:\/\/www.ekimeissenheim.de\/index.php?rest_route=\/wp\/v2\/posts\/5210\/revisions"}],"predecessor-version":[{"id":5213,"href":"https:\/\/www.ekimeissenheim.de\/index.php?rest_route=\/wp\/v2\/posts\/5210\/revisions\/5213"}],"wp:attachment":[{"href":"https:\/\/www.ekimeissenheim.de\/index.php?rest_route=%2Fwp%2Fv2%2Fmedia&parent=5210"}],"wp:term":[{"taxonomy":"category","embeddable":true,"href":"https:\/\/www.ekimeissenheim.de\/index.php?rest_route=%2Fwp%2Fv2%2Fcategories&post=5210"},{"taxonomy":"post_tag","embeddable":true,"href":"https:\/\/www.ekimeissenheim.de\/index.php?rest_route=%2Fwp%2Fv2%2Ftags&post=5210"}],"curies":[{"name":"wp","href":"https:\/\/api.w.org\/{rel}","templated":true}]}}