{"id":5177,"date":"2018-07-30T14:49:25","date_gmt":"2018-07-30T12:49:25","guid":{"rendered":"http:\/\/www.ekimeissenheim.de\/?p=5177"},"modified":"2018-07-30T14:49:25","modified_gmt":"2018-07-30T12:49:25","slug":"koko-in-kontakt-kommen-zum-vierten-mal","status":"publish","type":"post","link":"https:\/\/www.ekimeissenheim.de\/?p=5177","title":{"rendered":"KoKo &#8211; in Kontakt kommen zum vierten Mal"},"content":{"rendered":"<p>&nbsp;Zum 4. Mal fand das Treffen &#8222;Miteinander in Kontakt kommen durch kreatives Gestalten&#8220; f\u00fcr Frauen mit und ohne Migrationshintergrund statt. Trotz der Hitze trafen sich 15 Frauen im Pfarrhof und gestalten mit Serviettentechnik Lichtert\u00fcten und Gl\u00e4ser. Es hat wie immer viel Spa\u00df gemacht und die Frauen freuen sich schon auf den n\u00e4chsten Termin am 31. August. (Doris Adler)<\/p>\n<p><a href=\"http:\/\/www.ekimeissenheim.de\/wp-content\/uploads\/Koko-2018-07-Bild-1.jpg\"><img loading=\"lazy\" decoding=\"async\" class=\"alignleft size-full wp-image-5178\" src=\"http:\/\/www.ekimeissenheim.de\/wp-content\/uploads\/Koko-2018-07-Bild-1.jpg\" alt=\"\" width=\"800\" height=\"600\" srcset=\"https:\/\/www.ekimeissenheim.de\/wp-content\/uploads\/Koko-2018-07-Bild-1.jpg 800w, https:\/\/www.ekimeissenheim.de\/wp-content\/uploads\/Koko-2018-07-Bild-1-300x225.jpg 300w, https:\/\/www.ekimeissenheim.de\/wp-content\/uploads\/Koko-2018-07-Bild-1-768x576.jpg 768w\" sizes=\"auto, (max-width: 800px) 100vw, 800px\" \/><\/a> <a href=\"http:\/\/www.ekimeissenheim.de\/wp-content\/uploads\/Koko-2018-07-Bild2.jpg\"><img loading=\"lazy\" decoding=\"async\" class=\"alignleft size-large wp-image-5179\" src=\"http:\/\/www.ekimeissenheim.de\/wp-content\/uploads\/Koko-2018-07-Bild2.jpg\" alt=\"\" width=\"600\" height=\"800\" srcset=\"https:\/\/www.ekimeissenheim.de\/wp-content\/uploads\/Koko-2018-07-Bild2.jpg 600w, https:\/\/www.ekimeissenheim.de\/wp-content\/uploads\/Koko-2018-07-Bild2-225x300.jpg 225w\" sizes=\"auto, (max-width: 600px) 100vw, 600px\" \/><\/a><\/p>\n","protected":false},"excerpt":{"rendered":"<p>&nbsp;Zum 4. Mal fand das Treffen &#8222;Miteinander in Kontakt kommen durch kreatives Gestalten&#8220; f\u00fcr Frauen mit und ohne Migrationshintergrund statt. Trotz der Hitze trafen sich 15 Frauen im Pfarrhof und gestalten mit Serviettentechnik Lichtert\u00fcten und Gl\u00e4ser. Es hat wie immer &hellip; <a href=\"https:\/\/www.ekimeissenheim.de\/?p=5177\">Weiterlesen <span class=\"meta-nav\">&rarr;<\/span><\/a><\/p>\n","protected":false},"author":2,"featured_media":0,"comment_status":"open","ping_status":"open","sticky":false,"template":"","format":"standard","meta":{"ngg_post_thumbnail":0,"footnotes":""},"categories":[1],"tags":[],"class_list":["post-5177","post","type-post","status-publish","format-standard","hentry","category-allgemein"],"_links":{"self":[{"href":"https:\/\/www.ekimeissenheim.de\/index.php?rest_route=\/wp\/v2\/posts\/5177","targetHints":{"allow":["GET"]}}],"collection":[{"href":"https:\/\/www.ekimeissenheim.de\/index.php?rest_route=\/wp\/v2\/posts"}],"about":[{"href":"https:\/\/www.ekimeissenheim.de\/index.php?rest_route=\/wp\/v2\/types\/post"}],"author":[{"embeddable":true,"href":"https:\/\/www.ekimeissenheim.de\/index.php?rest_route=\/wp\/v2\/users\/2"}],"replies":[{"embeddable":true,"href":"https:\/\/www.ekimeissenheim.de\/index.php?rest_route=%2Fwp%2Fv2%2Fcomments&post=5177"}],"version-history":[{"count":1,"href":"https:\/\/www.ekimeissenheim.de\/index.php?rest_route=\/wp\/v2\/posts\/5177\/revisions"}],"predecessor-version":[{"id":5180,"href":"https:\/\/www.ekimeissenheim.de\/index.php?rest_route=\/wp\/v2\/posts\/5177\/revisions\/5180"}],"wp:attachment":[{"href":"https:\/\/www.ekimeissenheim.de\/index.php?rest_route=%2Fwp%2Fv2%2Fmedia&parent=5177"}],"wp:term":[{"taxonomy":"category","embeddable":true,"href":"https:\/\/www.ekimeissenheim.de\/index.php?rest_route=%2Fwp%2Fv2%2Fcategories&post=5177"},{"taxonomy":"post_tag","embeddable":true,"href":"https:\/\/www.ekimeissenheim.de\/index.php?rest_route=%2Fwp%2Fv2%2Ftags&post=5177"}],"curies":[{"name":"wp","href":"https:\/\/api.w.org\/{rel}","templated":true}]}}