{"id":5147,"date":"2018-06-28T07:11:09","date_gmt":"2018-06-28T05:11:09","guid":{"rendered":"http:\/\/www.ekimeissenheim.de\/?p=5147"},"modified":"2018-06-29T09:56:53","modified_gmt":"2018-06-29T07:56:53","slug":"johannismusik-war-toll","status":"publish","type":"post","link":"https:\/\/www.ekimeissenheim.de\/?p=5147","title":{"rendered":"Johannismusik war toll"},"content":{"rendered":"<p>Am Johannistag, 24.6. fand die schon traditionelle Johannismusik statt und war ein tolles Erlebnis. Mitgewirkt haben der Kirchenchor unter Kantorin Susanne Mo\u00dfmann, Kantor Frank Spengler an Klavier und der Orgel, der Gospelchor &#8222;Gospel Generation&#8220; mit Gesine F\u00fcnfgeld und der Posaunenchor mit seinem Leiter G\u00fcnter W\u00e4ldin. Eine volle Kirche zeugte davon, dass die Johannismusik in Mei\u00dfenheim mittlerweile seinem guten Ruf mehr als gerecht wird. Guten Zuspruch bekam auch das anschlie\u00dfende Zusammensein am Johannisfeuer im Pfarrgarten.<br \/>\n<a href=\"http:\/\/www.ekimeissenheim.de\/wp-content\/uploads\/20180624_180953.jpg\"><img loading=\"lazy\" decoding=\"async\" class=\"alignleft size-full wp-image-5148\" src=\"http:\/\/www.ekimeissenheim.de\/wp-content\/uploads\/20180624_180953.jpg\" alt=\"\" width=\"900\" height=\"506\" srcset=\"https:\/\/www.ekimeissenheim.de\/wp-content\/uploads\/20180624_180953.jpg 900w, https:\/\/www.ekimeissenheim.de\/wp-content\/uploads\/20180624_180953-300x169.jpg 300w, https:\/\/www.ekimeissenheim.de\/wp-content\/uploads\/20180624_180953-768x432.jpg 768w\" sizes=\"auto, (max-width: 900px) 100vw, 900px\" \/><\/a> <a href=\"http:\/\/www.ekimeissenheim.de\/wp-content\/uploads\/20180624_182352.jpg\"><img loading=\"lazy\" decoding=\"async\" class=\"alignleft size-large wp-image-5149\" src=\"http:\/\/www.ekimeissenheim.de\/wp-content\/uploads\/20180624_182352.jpg\" alt=\"\" width=\"640\" height=\"360\" srcset=\"https:\/\/www.ekimeissenheim.de\/wp-content\/uploads\/20180624_182352.jpg 900w, https:\/\/www.ekimeissenheim.de\/wp-content\/uploads\/20180624_182352-300x169.jpg 300w, https:\/\/www.ekimeissenheim.de\/wp-content\/uploads\/20180624_182352-768x432.jpg 768w\" sizes=\"auto, (max-width: 640px) 100vw, 640px\" \/><\/a> <a href=\"http:\/\/www.ekimeissenheim.de\/wp-content\/uploads\/IMG_0225.jpg\"><img loading=\"lazy\" decoding=\"async\" class=\"alignleft size-large wp-image-5150\" src=\"http:\/\/www.ekimeissenheim.de\/wp-content\/uploads\/IMG_0225.jpg\" alt=\"\" width=\"640\" height=\"427\" srcset=\"https:\/\/www.ekimeissenheim.de\/wp-content\/uploads\/IMG_0225.jpg 900w, https:\/\/www.ekimeissenheim.de\/wp-content\/uploads\/IMG_0225-300x200.jpg 300w, https:\/\/www.ekimeissenheim.de\/wp-content\/uploads\/IMG_0225-768x512.jpg 768w\" sizes=\"auto, (max-width: 640px) 100vw, 640px\" \/><\/a> <a href=\"http:\/\/www.ekimeissenheim.de\/wp-content\/uploads\/IMG_0252.jpg\"><img loading=\"lazy\" decoding=\"async\" class=\"alignleft size-large wp-image-5151\" src=\"http:\/\/www.ekimeissenheim.de\/wp-content\/uploads\/IMG_0252.jpg\" alt=\"\" width=\"640\" height=\"427\" srcset=\"https:\/\/www.ekimeissenheim.de\/wp-content\/uploads\/IMG_0252.jpg 900w, https:\/\/www.ekimeissenheim.de\/wp-content\/uploads\/IMG_0252-300x200.jpg 300w, https:\/\/www.ekimeissenheim.de\/wp-content\/uploads\/IMG_0252-768x512.jpg 768w\" sizes=\"auto, (max-width: 640px) 100vw, 640px\" \/><\/a> <a href=\"http:\/\/www.ekimeissenheim.de\/wp-content\/uploads\/IMG_1392.jpg\"><img loading=\"lazy\" decoding=\"async\" class=\"alignleft size-large wp-image-5152\" src=\"http:\/\/www.ekimeissenheim.de\/wp-content\/uploads\/IMG_1392.jpg\" alt=\"\" width=\"640\" height=\"427\" srcset=\"https:\/\/www.ekimeissenheim.de\/wp-content\/uploads\/IMG_1392.jpg 900w, https:\/\/www.ekimeissenheim.de\/wp-content\/uploads\/IMG_1392-300x200.jpg 300w, https:\/\/www.ekimeissenheim.de\/wp-content\/uploads\/IMG_1392-768x512.jpg 768w\" sizes=\"auto, (max-width: 640px) 100vw, 640px\" \/><\/a><\/p>\n","protected":false},"excerpt":{"rendered":"<p>Am Johannistag, 24.6. fand die schon traditionelle Johannismusik statt und war ein tolles Erlebnis. Mitgewirkt haben der Kirchenchor unter Kantorin Susanne Mo\u00dfmann, Kantor Frank Spengler an Klavier und der Orgel, der Gospelchor &#8222;Gospel Generation&#8220; mit Gesine F\u00fcnfgeld und der Posaunenchor &hellip; <a href=\"https:\/\/www.ekimeissenheim.de\/?p=5147\">Weiterlesen <span class=\"meta-nav\">&rarr;<\/span><\/a><\/p>\n","protected":false},"author":2,"featured_media":0,"comment_status":"open","ping_status":"open","sticky":false,"template":"","format":"standard","meta":{"ngg_post_thumbnail":0,"footnotes":""},"categories":[1],"tags":[],"class_list":["post-5147","post","type-post","status-publish","format-standard","hentry","category-allgemein"],"_links":{"self":[{"href":"https:\/\/www.ekimeissenheim.de\/index.php?rest_route=\/wp\/v2\/posts\/5147","targetHints":{"allow":["GET"]}}],"collection":[{"href":"https:\/\/www.ekimeissenheim.de\/index.php?rest_route=\/wp\/v2\/posts"}],"about":[{"href":"https:\/\/www.ekimeissenheim.de\/index.php?rest_route=\/wp\/v2\/types\/post"}],"author":[{"embeddable":true,"href":"https:\/\/www.ekimeissenheim.de\/index.php?rest_route=\/wp\/v2\/users\/2"}],"replies":[{"embeddable":true,"href":"https:\/\/www.ekimeissenheim.de\/index.php?rest_route=%2Fwp%2Fv2%2Fcomments&post=5147"}],"version-history":[{"count":1,"href":"https:\/\/www.ekimeissenheim.de\/index.php?rest_route=\/wp\/v2\/posts\/5147\/revisions"}],"predecessor-version":[{"id":5153,"href":"https:\/\/www.ekimeissenheim.de\/index.php?rest_route=\/wp\/v2\/posts\/5147\/revisions\/5153"}],"wp:attachment":[{"href":"https:\/\/www.ekimeissenheim.de\/index.php?rest_route=%2Fwp%2Fv2%2Fmedia&parent=5147"}],"wp:term":[{"taxonomy":"category","embeddable":true,"href":"https:\/\/www.ekimeissenheim.de\/index.php?rest_route=%2Fwp%2Fv2%2Fcategories&post=5147"},{"taxonomy":"post_tag","embeddable":true,"href":"https:\/\/www.ekimeissenheim.de\/index.php?rest_route=%2Fwp%2Fv2%2Ftags&post=5147"}],"curies":[{"name":"wp","href":"https:\/\/api.w.org\/{rel}","templated":true}]}}