{"id":5113,"date":"2018-05-30T13:02:41","date_gmt":"2018-05-30T11:02:41","guid":{"rendered":"http:\/\/www.ekimeissenheim.de\/?p=5113"},"modified":"2018-05-30T13:02:41","modified_gmt":"2018-05-30T11:02:41","slug":"kindergarten-kuerzell-haus-der-kleinen-forscher","status":"publish","type":"post","link":"https:\/\/www.ekimeissenheim.de\/?p=5113","title":{"rendered":"Kindergarten K\u00fcrzell &#8211; Haus der kleinen Forscher"},"content":{"rendered":"<p><strong>\u00dcbergabe zweite Zertifizierung<br \/>\n<a href=\"http:\/\/www.ekimeissenheim.de\/wp-content\/uploads\/KiGa-K\u00fcrzell-Haus-der-kleinen-Forscher-2018-05.jpg\"><img loading=\"lazy\" decoding=\"async\" class=\"alignleft size-full wp-image-5114\" src=\"http:\/\/www.ekimeissenheim.de\/wp-content\/uploads\/KiGa-K\u00fcrzell-Haus-der-kleinen-Forscher-2018-05.jpg\" alt=\"\" width=\"1000\" height=\"662\" srcset=\"https:\/\/www.ekimeissenheim.de\/wp-content\/uploads\/KiGa-K\u00fcrzell-Haus-der-kleinen-Forscher-2018-05.jpg 1000w, https:\/\/www.ekimeissenheim.de\/wp-content\/uploads\/KiGa-K\u00fcrzell-Haus-der-kleinen-Forscher-2018-05-300x199.jpg 300w, https:\/\/www.ekimeissenheim.de\/wp-content\/uploads\/KiGa-K\u00fcrzell-Haus-der-kleinen-Forscher-2018-05-768x508.jpg 768w\" sizes=\"auto, (max-width: 1000px) 100vw, 1000px\" \/><\/a><\/strong><br \/>\nAm Montag, den 14.05.2018 war es endlich soweit, wir erhielten unsere zweite Plakette der Institution Haus der kleinen Forscher. Somit sind wir f\u00fcr zwei weitere Jahre ein \u201eHaus der kleinen Forscher\u201c. Frau Susanne Stuckmann von der IHK Freiburg \u00fcberreichte uns diese Plakette.<br \/>\nWas bedeutet es ein \u201eHaus der kleinen Forscher\u201c zu sein?<br \/>\nDies bedeutet, dass wir aktiv mit den Kindern die Welt erkunden und erforschen. Wir experimentieren und beantworten somit die Fragen der Kinder. Ein Beispiel hierf\u00fcr k\u00f6nnte sein:<br \/>\nWas kann schwimmen, und was kann nicht schwimmen?<br \/>\nSchwimmt ein Becher im Wasser, oder geht er unter?<br \/>\nWarum k\u00f6nnen Schiffe schwimmen ohne dabei unterzugehen?<\/p>\n<p>Die Kinder stellen unterschiedlichste Fragen, die wir versuchen gemeinsam zu l\u00f6sen. Denn nur wenn Kinder die Welt mit ihren H\u00e4nden begreifen k\u00f6nnen, verstehen sie diese auch. Dieser p\u00e4dagogische Ansatz ist uns in unserer Arbeit sehr wichtig und somit auch in der Konzeption verankert.<\/p>\n","protected":false},"excerpt":{"rendered":"<p>\u00dcbergabe zweite Zertifizierung Am Montag, den 14.05.2018 war es endlich soweit, wir erhielten unsere zweite Plakette der Institution Haus der kleinen Forscher. Somit sind wir f\u00fcr zwei weitere Jahre ein \u201eHaus der kleinen Forscher\u201c. Frau Susanne Stuckmann von der IHK &hellip; <a href=\"https:\/\/www.ekimeissenheim.de\/?p=5113\">Weiterlesen <span class=\"meta-nav\">&rarr;<\/span><\/a><\/p>\n","protected":false},"author":2,"featured_media":0,"comment_status":"open","ping_status":"open","sticky":false,"template":"","format":"standard","meta":{"ngg_post_thumbnail":0,"footnotes":""},"categories":[1],"tags":[],"class_list":["post-5113","post","type-post","status-publish","format-standard","hentry","category-allgemein"],"_links":{"self":[{"href":"https:\/\/www.ekimeissenheim.de\/index.php?rest_route=\/wp\/v2\/posts\/5113","targetHints":{"allow":["GET"]}}],"collection":[{"href":"https:\/\/www.ekimeissenheim.de\/index.php?rest_route=\/wp\/v2\/posts"}],"about":[{"href":"https:\/\/www.ekimeissenheim.de\/index.php?rest_route=\/wp\/v2\/types\/post"}],"author":[{"embeddable":true,"href":"https:\/\/www.ekimeissenheim.de\/index.php?rest_route=\/wp\/v2\/users\/2"}],"replies":[{"embeddable":true,"href":"https:\/\/www.ekimeissenheim.de\/index.php?rest_route=%2Fwp%2Fv2%2Fcomments&post=5113"}],"version-history":[{"count":1,"href":"https:\/\/www.ekimeissenheim.de\/index.php?rest_route=\/wp\/v2\/posts\/5113\/revisions"}],"predecessor-version":[{"id":5115,"href":"https:\/\/www.ekimeissenheim.de\/index.php?rest_route=\/wp\/v2\/posts\/5113\/revisions\/5115"}],"wp:attachment":[{"href":"https:\/\/www.ekimeissenheim.de\/index.php?rest_route=%2Fwp%2Fv2%2Fmedia&parent=5113"}],"wp:term":[{"taxonomy":"category","embeddable":true,"href":"https:\/\/www.ekimeissenheim.de\/index.php?rest_route=%2Fwp%2Fv2%2Fcategories&post=5113"},{"taxonomy":"post_tag","embeddable":true,"href":"https:\/\/www.ekimeissenheim.de\/index.php?rest_route=%2Fwp%2Fv2%2Ftags&post=5113"}],"curies":[{"name":"wp","href":"https:\/\/api.w.org\/{rel}","templated":true}]}}