{"id":5072,"date":"2018-05-03T17:45:08","date_gmt":"2018-05-03T15:45:08","guid":{"rendered":"http:\/\/www.ekimeissenheim.de\/?p=5072"},"modified":"2018-05-03T17:45:08","modified_gmt":"2018-05-03T15:45:08","slug":"goldene-konfirmation-in-meissenheim-3","status":"publish","type":"post","link":"https:\/\/www.ekimeissenheim.de\/?p=5072","title":{"rendered":"Goldene Konfirmation in Mei\u00dfenheim"},"content":{"rendered":"<p>Am Sonntag Kantate fand in Mei\u00dfenheim die Feier der Goldenen Konfirmation statt. Jubilare aus Mei\u00dfenheim, K\u00fcrzell und anderen Orten begingen gemeinsam diesen Festtag.<br \/>\nMitgefeiert haben: Anneliese Beck, geb. Munding; Isolde Becker, geb. Metzger; Ester Fehrenbach, geb. Kern; Ingrid Fischer, geb. Kern; Friederike G\u00f6pper, geb. Kern; Gerlinde Hierlinger, geb. Pelz; Elke Hopf, geb. Wurth; Annemarie Jesch, geb. Z\u00fcrcher; Hildegard Kern, geb. Fischer; Silvia Mehler, geb. Schumacher; Maja Schwenk, geb. Gmelin; Ilse Zeiser, geb. Heimburger; Isa Zimmer, geb. Kunz; Ilse Z\u00fcrcher, geb. Z\u00fcrcher; Marina Reitter-Focht, geb. Reitter; Robert Feigenbaum, Theo Gruber, Helmut H\u00e4s, Erich Heimburger, Kurtz Heitz, R\u00fcdiger Kern, Werner Parotat, Hans Sielaff, Gabriela Fauti.<\/p>\n<div id=\"attachment_5073\" style=\"width: 1010px\" class=\"wp-caption alignleft\"><a href=\"http:\/\/www.ekimeissenheim.de\/wp-content\/uploads\/Jubelkonfirmation-2018-Mhm-1.jpg\"><img loading=\"lazy\" decoding=\"async\" aria-describedby=\"caption-attachment-5073\" class=\"size-full wp-image-5073\" src=\"http:\/\/www.ekimeissenheim.de\/wp-content\/uploads\/Jubelkonfirmation-2018-Mhm-1.jpg\" alt=\"\" width=\"1000\" height=\"666\" srcset=\"https:\/\/www.ekimeissenheim.de\/wp-content\/uploads\/Jubelkonfirmation-2018-Mhm-1.jpg 1000w, https:\/\/www.ekimeissenheim.de\/wp-content\/uploads\/Jubelkonfirmation-2018-Mhm-1-300x200.jpg 300w, https:\/\/www.ekimeissenheim.de\/wp-content\/uploads\/Jubelkonfirmation-2018-Mhm-1-768x511.jpg 768w\" sizes=\"auto, (max-width: 1000px) 100vw, 1000px\" \/><\/a><p id=\"caption-attachment-5073\" class=\"wp-caption-text\">Foto: Spengler<\/p><\/div>\n","protected":false},"excerpt":{"rendered":"<p>Am Sonntag Kantate fand in Mei\u00dfenheim die Feier der Goldenen Konfirmation statt. Jubilare aus Mei\u00dfenheim, K\u00fcrzell und anderen Orten begingen gemeinsam diesen Festtag. Mitgefeiert haben: Anneliese Beck, geb. Munding; Isolde Becker, geb. Metzger; Ester Fehrenbach, geb. Kern; Ingrid Fischer, geb. &hellip; <a href=\"https:\/\/www.ekimeissenheim.de\/?p=5072\">Weiterlesen <span class=\"meta-nav\">&rarr;<\/span><\/a><\/p>\n","protected":false},"author":2,"featured_media":0,"comment_status":"open","ping_status":"open","sticky":false,"template":"","format":"standard","meta":{"ngg_post_thumbnail":0,"footnotes":""},"categories":[1],"tags":[],"class_list":["post-5072","post","type-post","status-publish","format-standard","hentry","category-allgemein"],"_links":{"self":[{"href":"https:\/\/www.ekimeissenheim.de\/index.php?rest_route=\/wp\/v2\/posts\/5072","targetHints":{"allow":["GET"]}}],"collection":[{"href":"https:\/\/www.ekimeissenheim.de\/index.php?rest_route=\/wp\/v2\/posts"}],"about":[{"href":"https:\/\/www.ekimeissenheim.de\/index.php?rest_route=\/wp\/v2\/types\/post"}],"author":[{"embeddable":true,"href":"https:\/\/www.ekimeissenheim.de\/index.php?rest_route=\/wp\/v2\/users\/2"}],"replies":[{"embeddable":true,"href":"https:\/\/www.ekimeissenheim.de\/index.php?rest_route=%2Fwp%2Fv2%2Fcomments&post=5072"}],"version-history":[{"count":1,"href":"https:\/\/www.ekimeissenheim.de\/index.php?rest_route=\/wp\/v2\/posts\/5072\/revisions"}],"predecessor-version":[{"id":5074,"href":"https:\/\/www.ekimeissenheim.de\/index.php?rest_route=\/wp\/v2\/posts\/5072\/revisions\/5074"}],"wp:attachment":[{"href":"https:\/\/www.ekimeissenheim.de\/index.php?rest_route=%2Fwp%2Fv2%2Fmedia&parent=5072"}],"wp:term":[{"taxonomy":"category","embeddable":true,"href":"https:\/\/www.ekimeissenheim.de\/index.php?rest_route=%2Fwp%2Fv2%2Fcategories&post=5072"},{"taxonomy":"post_tag","embeddable":true,"href":"https:\/\/www.ekimeissenheim.de\/index.php?rest_route=%2Fwp%2Fv2%2Ftags&post=5072"}],"curies":[{"name":"wp","href":"https:\/\/api.w.org\/{rel}","templated":true}]}}