{"id":5049,"date":"2018-04-23T18:05:24","date_gmt":"2018-04-23T16:05:24","guid":{"rendered":"http:\/\/www.ekimeissenheim.de\/?p=5049"},"modified":"2018-04-23T18:05:24","modified_gmt":"2018-04-23T16:05:24","slug":"in-kontakt-kommen-zweites-treffen","status":"publish","type":"post","link":"https:\/\/www.ekimeissenheim.de\/?p=5049","title":{"rendered":"In Kontakt kommen &#8211; zweites Treffen"},"content":{"rendered":"<p>Am 20. April trafen sich Frauen mit und ohne Migrationshintergrund zum 2. Mal im Evang. Gemeindehaus. Gelockt hatte sie das Angebot \u201eMiteinander in Kontakt kommen durch kreatives Gestalten\u201c. Thema an diesem Nachmittag war das Arbeiten mit Schwemmholz. In Verbindung mit Perlen, Federn und&nbsp; Muscheln entstanden ganz individuelle \u201eGeh\u00e4nge\u201c f\u00fcr drinnen und drau\u00dfen.<\/p>\n<p>Herzliche Einladung an alle Frauen zum n\u00e4chsten Frauenfr\u00fchst\u00fcck am 12. Mai um 9.00 Uhr. Wolfgang Hierlinger vom Filmclub Lahr zeigt mehrere Kurzfilme (z.B. \u201eSchwarzwald\u201c).<\/p>\n<p>Bitte melden Sie sich f\u00fcr das Frauenfr\u00fchst\u00fcck bis zum 10. Mai an. Kosten: 5 Euro.<\/p>\n<p>Der n\u00e4chste Kreativnachmittag findet am 22.06. um 16.00 Uhr statt. Wir freuen uns auf rege Teilnahme.<br \/>\n<a href=\"http:\/\/www.ekimeissenheim.de\/wp-content\/uploads\/Bilder-April-2018-1.jpg\"><img loading=\"lazy\" decoding=\"async\" class=\"alignleft size-full wp-image-5050\" src=\"http:\/\/www.ekimeissenheim.de\/wp-content\/uploads\/Bilder-April-2018-1.jpg\" alt=\"\" width=\"1000\" height=\"750\" srcset=\"https:\/\/www.ekimeissenheim.de\/wp-content\/uploads\/Bilder-April-2018-1.jpg 1000w, https:\/\/www.ekimeissenheim.de\/wp-content\/uploads\/Bilder-April-2018-1-300x225.jpg 300w, https:\/\/www.ekimeissenheim.de\/wp-content\/uploads\/Bilder-April-2018-1-768x576.jpg 768w\" sizes=\"auto, (max-width: 1000px) 100vw, 1000px\" \/><\/a> <a href=\"http:\/\/www.ekimeissenheim.de\/wp-content\/uploads\/Bilder-April-2018-2.jpg\"><img loading=\"lazy\" decoding=\"async\" class=\"alignleft size-large wp-image-5051\" src=\"http:\/\/www.ekimeissenheim.de\/wp-content\/uploads\/Bilder-April-2018-2.jpg\" alt=\"\" width=\"640\" height=\"480\" srcset=\"https:\/\/www.ekimeissenheim.de\/wp-content\/uploads\/Bilder-April-2018-2.jpg 1000w, https:\/\/www.ekimeissenheim.de\/wp-content\/uploads\/Bilder-April-2018-2-300x225.jpg 300w, https:\/\/www.ekimeissenheim.de\/wp-content\/uploads\/Bilder-April-2018-2-768x576.jpg 768w\" sizes=\"auto, (max-width: 640px) 100vw, 640px\" \/><\/a><\/p>\n","protected":false},"excerpt":{"rendered":"<p>Am 20. April trafen sich Frauen mit und ohne Migrationshintergrund zum 2. Mal im Evang. Gemeindehaus. Gelockt hatte sie das Angebot \u201eMiteinander in Kontakt kommen durch kreatives Gestalten\u201c. Thema an diesem Nachmittag war das Arbeiten mit Schwemmholz. In Verbindung mit &hellip; <a href=\"https:\/\/www.ekimeissenheim.de\/?p=5049\">Weiterlesen <span class=\"meta-nav\">&rarr;<\/span><\/a><\/p>\n","protected":false},"author":2,"featured_media":0,"comment_status":"open","ping_status":"open","sticky":false,"template":"","format":"standard","meta":{"ngg_post_thumbnail":0,"footnotes":""},"categories":[1],"tags":[],"class_list":["post-5049","post","type-post","status-publish","format-standard","hentry","category-allgemein"],"_links":{"self":[{"href":"https:\/\/www.ekimeissenheim.de\/index.php?rest_route=\/wp\/v2\/posts\/5049","targetHints":{"allow":["GET"]}}],"collection":[{"href":"https:\/\/www.ekimeissenheim.de\/index.php?rest_route=\/wp\/v2\/posts"}],"about":[{"href":"https:\/\/www.ekimeissenheim.de\/index.php?rest_route=\/wp\/v2\/types\/post"}],"author":[{"embeddable":true,"href":"https:\/\/www.ekimeissenheim.de\/index.php?rest_route=\/wp\/v2\/users\/2"}],"replies":[{"embeddable":true,"href":"https:\/\/www.ekimeissenheim.de\/index.php?rest_route=%2Fwp%2Fv2%2Fcomments&post=5049"}],"version-history":[{"count":1,"href":"https:\/\/www.ekimeissenheim.de\/index.php?rest_route=\/wp\/v2\/posts\/5049\/revisions"}],"predecessor-version":[{"id":5052,"href":"https:\/\/www.ekimeissenheim.de\/index.php?rest_route=\/wp\/v2\/posts\/5049\/revisions\/5052"}],"wp:attachment":[{"href":"https:\/\/www.ekimeissenheim.de\/index.php?rest_route=%2Fwp%2Fv2%2Fmedia&parent=5049"}],"wp:term":[{"taxonomy":"category","embeddable":true,"href":"https:\/\/www.ekimeissenheim.de\/index.php?rest_route=%2Fwp%2Fv2%2Fcategories&post=5049"},{"taxonomy":"post_tag","embeddable":true,"href":"https:\/\/www.ekimeissenheim.de\/index.php?rest_route=%2Fwp%2Fv2%2Ftags&post=5049"}],"curies":[{"name":"wp","href":"https:\/\/api.w.org\/{rel}","templated":true}]}}