{"id":5046,"date":"2018-04-23T18:03:18","date_gmt":"2018-04-23T16:03:18","guid":{"rendered":"http:\/\/www.ekimeissenheim.de\/?p=5046"},"modified":"2018-04-23T18:03:18","modified_gmt":"2018-04-23T16:03:18","slug":"konfirmation-in-meissenheim-und-kuerzell","status":"publish","type":"post","link":"https:\/\/www.ekimeissenheim.de\/?p=5046","title":{"rendered":"Konfirmation in Mei\u00dfenheim und K\u00fcrzell"},"content":{"rendered":"<p>13 junge Frauen und M\u00e4nner sind in unserer Gemeinde konfirmiert worden. Wir w\u00fcnschen ihnen f\u00fcr ihren Lebensweg Gottes Segen und die Gemeinschaft der Kirche.<\/p>\n<p><a href=\"http:\/\/www.ekimeissenheim.de\/wp-content\/uploads\/Konfirmation-2018-Gruppenbild-vor-Kirche.jpg\"><img loading=\"lazy\" decoding=\"async\" class=\"alignleft size-full wp-image-5047\" src=\"http:\/\/www.ekimeissenheim.de\/wp-content\/uploads\/Konfirmation-2018-Gruppenbild-vor-Kirche.jpg\" alt=\"\" width=\"1000\" height=\"805\" srcset=\"https:\/\/www.ekimeissenheim.de\/wp-content\/uploads\/Konfirmation-2018-Gruppenbild-vor-Kirche.jpg 1000w, https:\/\/www.ekimeissenheim.de\/wp-content\/uploads\/Konfirmation-2018-Gruppenbild-vor-Kirche-300x242.jpg 300w, https:\/\/www.ekimeissenheim.de\/wp-content\/uploads\/Konfirmation-2018-Gruppenbild-vor-Kirche-768x618.jpg 768w\" sizes=\"auto, (max-width: 1000px) 100vw, 1000px\" \/><\/a><\/p>\n","protected":false},"excerpt":{"rendered":"<p>13 junge Frauen und M\u00e4nner sind in unserer Gemeinde konfirmiert worden. Wir w\u00fcnschen ihnen f\u00fcr ihren Lebensweg Gottes Segen und die Gemeinschaft der Kirche.<\/p>\n","protected":false},"author":2,"featured_media":0,"comment_status":"open","ping_status":"open","sticky":false,"template":"","format":"standard","meta":{"ngg_post_thumbnail":0,"footnotes":""},"categories":[1],"tags":[],"class_list":["post-5046","post","type-post","status-publish","format-standard","hentry","category-allgemein"],"_links":{"self":[{"href":"https:\/\/www.ekimeissenheim.de\/index.php?rest_route=\/wp\/v2\/posts\/5046","targetHints":{"allow":["GET"]}}],"collection":[{"href":"https:\/\/www.ekimeissenheim.de\/index.php?rest_route=\/wp\/v2\/posts"}],"about":[{"href":"https:\/\/www.ekimeissenheim.de\/index.php?rest_route=\/wp\/v2\/types\/post"}],"author":[{"embeddable":true,"href":"https:\/\/www.ekimeissenheim.de\/index.php?rest_route=\/wp\/v2\/users\/2"}],"replies":[{"embeddable":true,"href":"https:\/\/www.ekimeissenheim.de\/index.php?rest_route=%2Fwp%2Fv2%2Fcomments&post=5046"}],"version-history":[{"count":1,"href":"https:\/\/www.ekimeissenheim.de\/index.php?rest_route=\/wp\/v2\/posts\/5046\/revisions"}],"predecessor-version":[{"id":5048,"href":"https:\/\/www.ekimeissenheim.de\/index.php?rest_route=\/wp\/v2\/posts\/5046\/revisions\/5048"}],"wp:attachment":[{"href":"https:\/\/www.ekimeissenheim.de\/index.php?rest_route=%2Fwp%2Fv2%2Fmedia&parent=5046"}],"wp:term":[{"taxonomy":"category","embeddable":true,"href":"https:\/\/www.ekimeissenheim.de\/index.php?rest_route=%2Fwp%2Fv2%2Fcategories&post=5046"},{"taxonomy":"post_tag","embeddable":true,"href":"https:\/\/www.ekimeissenheim.de\/index.php?rest_route=%2Fwp%2Fv2%2Ftags&post=5046"}],"curies":[{"name":"wp","href":"https:\/\/api.w.org\/{rel}","templated":true}]}}