{"id":3387,"date":"2014-12-08T14:33:56","date_gmt":"2014-12-08T12:33:56","guid":{"rendered":"http:\/\/www.ekimeissenheim.de\/?p=3387"},"modified":"2014-12-08T14:43:42","modified_gmt":"2014-12-08T12:43:42","slug":"suedbadische-blechblaeser-geben-konzert","status":"publish","type":"post","link":"https:\/\/www.ekimeissenheim.de\/?p=3387","title":{"rendered":"S\u00fcdbadische Blechbl\u00e4ser geben Konzert"},"content":{"rendered":"<p>Ein beeindruckendes Konzert gab das S\u00fcdbadische Blechbl\u00e4serensemble in der Evangelischen Kirche in Mei\u00dfenheim. Unter Landesposaunenwart Heike Petersen kamen Werke zu Geh\u00f6r, die allesamt von jungen Komponisten geschaffen wurden. Kantor Frank Spengler war bei der Liedbegleitung beteiligt und spielte die Pastorale op. 19 von C\u00e9sar Franck. Mit kr\u00e4ftigem Applaus bedankte sich die zahlreich versammelte H\u00f6rergemeinde. (Bilder von Jasmin Lehmann)<br \/>\n<a href=\"http:\/\/www.ekimeissenheim.de\/wp-content\/uploads\/IMG_5587.jpg\"><img loading=\"lazy\" decoding=\"async\" class=\"alignleft size-medium wp-image-3388\" src=\"http:\/\/www.ekimeissenheim.de\/wp-content\/uploads\/IMG_5587-300x199.jpg\" alt=\"IMG_5587\" width=\"300\" height=\"199\" srcset=\"https:\/\/www.ekimeissenheim.de\/wp-content\/uploads\/IMG_5587-300x199.jpg 300w, https:\/\/www.ekimeissenheim.de\/wp-content\/uploads\/IMG_5587.jpg 800w\" sizes=\"auto, (max-width: 300px) 100vw, 300px\" \/><\/a> <a href=\"http:\/\/www.ekimeissenheim.de\/wp-content\/uploads\/IMG_5593.jpg\"><img loading=\"lazy\" decoding=\"async\" class=\"alignleft size-medium wp-image-3389\" src=\"http:\/\/www.ekimeissenheim.de\/wp-content\/uploads\/IMG_5593-300x199.jpg\" alt=\"IMG_5593\" width=\"300\" height=\"199\" srcset=\"https:\/\/www.ekimeissenheim.de\/wp-content\/uploads\/IMG_5593-300x199.jpg 300w, https:\/\/www.ekimeissenheim.de\/wp-content\/uploads\/IMG_5593.jpg 800w\" sizes=\"auto, (max-width: 300px) 100vw, 300px\" \/><\/a> <a href=\"http:\/\/www.ekimeissenheim.de\/wp-content\/uploads\/IMG_5601.jpg\"><img loading=\"lazy\" decoding=\"async\" class=\"alignleft size-medium wp-image-3390\" src=\"http:\/\/www.ekimeissenheim.de\/wp-content\/uploads\/IMG_5601-300x199.jpg\" alt=\"IMG_5601\" width=\"300\" height=\"199\" srcset=\"https:\/\/www.ekimeissenheim.de\/wp-content\/uploads\/IMG_5601-300x199.jpg 300w, https:\/\/www.ekimeissenheim.de\/wp-content\/uploads\/IMG_5601.jpg 800w\" sizes=\"auto, (max-width: 300px) 100vw, 300px\" \/><\/a><\/p>\n","protected":false},"excerpt":{"rendered":"<p>Ein beeindruckendes Konzert gab das S\u00fcdbadische Blechbl\u00e4serensemble in der Evangelischen Kirche in Mei\u00dfenheim. Unter Landesposaunenwart Heike Petersen kamen Werke zu Geh\u00f6r, die allesamt von jungen Komponisten geschaffen wurden. Kantor Frank Spengler war bei der Liedbegleitung beteiligt und spielte die Pastorale &hellip; <a href=\"https:\/\/www.ekimeissenheim.de\/?p=3387\">Weiterlesen <span class=\"meta-nav\">&rarr;<\/span><\/a><\/p>\n","protected":false},"author":2,"featured_media":0,"comment_status":"open","ping_status":"open","sticky":false,"template":"","format":"standard","meta":{"ngg_post_thumbnail":0,"footnotes":""},"categories":[1],"tags":[],"class_list":["post-3387","post","type-post","status-publish","format-standard","hentry","category-allgemein"],"_links":{"self":[{"href":"https:\/\/www.ekimeissenheim.de\/index.php?rest_route=\/wp\/v2\/posts\/3387","targetHints":{"allow":["GET"]}}],"collection":[{"href":"https:\/\/www.ekimeissenheim.de\/index.php?rest_route=\/wp\/v2\/posts"}],"about":[{"href":"https:\/\/www.ekimeissenheim.de\/index.php?rest_route=\/wp\/v2\/types\/post"}],"author":[{"embeddable":true,"href":"https:\/\/www.ekimeissenheim.de\/index.php?rest_route=\/wp\/v2\/users\/2"}],"replies":[{"embeddable":true,"href":"https:\/\/www.ekimeissenheim.de\/index.php?rest_route=%2Fwp%2Fv2%2Fcomments&post=3387"}],"version-history":[{"count":2,"href":"https:\/\/www.ekimeissenheim.de\/index.php?rest_route=\/wp\/v2\/posts\/3387\/revisions"}],"predecessor-version":[{"id":3397,"href":"https:\/\/www.ekimeissenheim.de\/index.php?rest_route=\/wp\/v2\/posts\/3387\/revisions\/3397"}],"wp:attachment":[{"href":"https:\/\/www.ekimeissenheim.de\/index.php?rest_route=%2Fwp%2Fv2%2Fmedia&parent=3387"}],"wp:term":[{"taxonomy":"category","embeddable":true,"href":"https:\/\/www.ekimeissenheim.de\/index.php?rest_route=%2Fwp%2Fv2%2Fcategories&post=3387"},{"taxonomy":"post_tag","embeddable":true,"href":"https:\/\/www.ekimeissenheim.de\/index.php?rest_route=%2Fwp%2Fv2%2Ftags&post=3387"}],"curies":[{"name":"wp","href":"https:\/\/api.w.org\/{rel}","templated":true}]}}