{"id":3376,"date":"2014-11-29T18:33:28","date_gmt":"2014-11-29T16:33:28","guid":{"rendered":"http:\/\/www.ekimeissenheim.de\/?p=3376"},"modified":"2014-11-29T18:35:04","modified_gmt":"2014-11-29T16:35:04","slug":"posaunenchor-erhaelt-eine-kastanie","status":"publish","type":"post","link":"https:\/\/www.ekimeissenheim.de\/?p=3376","title":{"rendered":"Posaunenchor erh\u00e4lt eine Kastanie"},"content":{"rendered":"<p>Zum 60j\u00e4hrigen Jubil\u00e4um des Posaunenchores versprach B\u00fcrgermeister Alexander Schr\u00f6der den Bl\u00e4serinnen und Bl\u00e4sern einen Baum. Nun war es so weit, diesen zu pflanzen. Es handelt sich um eine rotbl\u00fchende Kastanie. Der Posaunenchor unter ihrem Leiter G\u00fcnter W\u00e4ldin begleitete die Baumpflanzaktion mit Chor\u00e4len. Hand an die Schaufel legten B\u00fcrgermeister Alexander Schr\u00f6der, Pfarrer Heinz Adler und der Obmann des Posaunenchores Markus Reith. Gro\u00dfe Hilfe hatten die Baumpflanzer in Karl Schr\u00f6der, dem Sohn des B\u00fcrgermeisters.<br \/>\n(Bilder privat und Jasmin Lehmann)<\/p>\n<div id=\"attachment_3377\" style=\"width: 310px\" class=\"wp-caption alignleft\"><a href=\"http:\/\/www.ekimeissenheim.de\/wp-content\/uploads\/Karl-mit-Spaten.jpg\"><img loading=\"lazy\" decoding=\"async\" aria-describedby=\"caption-attachment-3377\" class=\"size-medium wp-image-3377\" src=\"http:\/\/www.ekimeissenheim.de\/wp-content\/uploads\/Karl-mit-Spaten-300x199.jpg\" alt=\"Karl mit Spaten\" width=\"300\" height=\"199\" srcset=\"https:\/\/www.ekimeissenheim.de\/wp-content\/uploads\/Karl-mit-Spaten-300x199.jpg 300w, https:\/\/www.ekimeissenheim.de\/wp-content\/uploads\/Karl-mit-Spaten.jpg 800w\" sizes=\"auto, (max-width: 300px) 100vw, 300px\" \/><\/a><p id=\"caption-attachment-3377\" class=\"wp-caption-text\">Karl mit Spaten<\/p><\/div>\n<div id=\"attachment_3378\" style=\"width: 310px\" class=\"wp-caption alignleft\"><a href=\"http:\/\/www.ekimeissenheim.de\/wp-content\/uploads\/Pflanzung-des-Baums.jpg\"><img loading=\"lazy\" decoding=\"async\" aria-describedby=\"caption-attachment-3378\" class=\"size-medium wp-image-3378\" src=\"http:\/\/www.ekimeissenheim.de\/wp-content\/uploads\/Pflanzung-des-Baums-300x199.jpg\" alt=\"Pflanzung des Baumes, v.l. B\u00fcrgermeister Schr\u00f6der, Pfarrer Adler, Karl Schr\u00f6der, Markus Reith\" width=\"300\" height=\"199\" srcset=\"https:\/\/www.ekimeissenheim.de\/wp-content\/uploads\/Pflanzung-des-Baums-300x199.jpg 300w, https:\/\/www.ekimeissenheim.de\/wp-content\/uploads\/Pflanzung-des-Baums.jpg 800w\" sizes=\"auto, (max-width: 300px) 100vw, 300px\" \/><\/a><p id=\"caption-attachment-3378\" class=\"wp-caption-text\">Pflanzung des Baumes, v.l. B\u00fcrgermeister Schr\u00f6der, Pfarrer Adler, Karl Schr\u00f6der, Markus Reith<\/p><\/div>\n<div id=\"attachment_3379\" style=\"width: 310px\" class=\"wp-caption alignleft\"><a href=\"http:\/\/www.ekimeissenheim.de\/wp-content\/uploads\/Posaunenchor-rechts-die-Kastanie.jpg\"><img loading=\"lazy\" decoding=\"async\" aria-describedby=\"caption-attachment-3379\" class=\"size-medium wp-image-3379\" src=\"http:\/\/www.ekimeissenheim.de\/wp-content\/uploads\/Posaunenchor-rechts-die-Kastanie-300x225.jpg\" alt=\"Posaunenchor, rechts die Kastanie\" width=\"300\" height=\"225\" srcset=\"https:\/\/www.ekimeissenheim.de\/wp-content\/uploads\/Posaunenchor-rechts-die-Kastanie-300x225.jpg 300w, https:\/\/www.ekimeissenheim.de\/wp-content\/uploads\/Posaunenchor-rechts-die-Kastanie.jpg 800w\" sizes=\"auto, (max-width: 300px) 100vw, 300px\" \/><\/a><p id=\"caption-attachment-3379\" class=\"wp-caption-text\">Posaunenchor, rechts die Kastanie<\/p><\/div>\n<div id=\"attachment_3380\" style=\"width: 310px\" class=\"wp-caption alignleft\"><a href=\"http:\/\/www.ekimeissenheim.de\/wp-content\/uploads\/Posaunenchor-spielt-zur-Baumpflanzung.jpg\"><img loading=\"lazy\" decoding=\"async\" aria-describedby=\"caption-attachment-3380\" class=\"size-medium wp-image-3380\" src=\"http:\/\/www.ekimeissenheim.de\/wp-content\/uploads\/Posaunenchor-spielt-zur-Baumpflanzung-300x225.jpg\" alt=\"Posaunenchor spielt zur Baumpflanzaktion\" width=\"300\" height=\"225\" srcset=\"https:\/\/www.ekimeissenheim.de\/wp-content\/uploads\/Posaunenchor-spielt-zur-Baumpflanzung-300x225.jpg 300w, https:\/\/www.ekimeissenheim.de\/wp-content\/uploads\/Posaunenchor-spielt-zur-Baumpflanzung.jpg 800w\" sizes=\"auto, (max-width: 300px) 100vw, 300px\" \/><\/a><p id=\"caption-attachment-3380\" class=\"wp-caption-text\">Posaunenchor spielt zur Baumpflanzaktion<\/p><\/div>\n","protected":false},"excerpt":{"rendered":"<p>Zum 60j\u00e4hrigen Jubil\u00e4um des Posaunenchores versprach B\u00fcrgermeister Alexander Schr\u00f6der den Bl\u00e4serinnen und Bl\u00e4sern einen Baum. Nun war es so weit, diesen zu pflanzen. Es handelt sich um eine rotbl\u00fchende Kastanie. Der Posaunenchor unter ihrem Leiter G\u00fcnter W\u00e4ldin begleitete die Baumpflanzaktion &hellip; <a href=\"https:\/\/www.ekimeissenheim.de\/?p=3376\">Weiterlesen <span class=\"meta-nav\">&rarr;<\/span><\/a><\/p>\n","protected":false},"author":2,"featured_media":0,"comment_status":"open","ping_status":"open","sticky":false,"template":"","format":"standard","meta":{"ngg_post_thumbnail":0,"footnotes":""},"categories":[1],"tags":[],"class_list":["post-3376","post","type-post","status-publish","format-standard","hentry","category-allgemein"],"_links":{"self":[{"href":"https:\/\/www.ekimeissenheim.de\/index.php?rest_route=\/wp\/v2\/posts\/3376","targetHints":{"allow":["GET"]}}],"collection":[{"href":"https:\/\/www.ekimeissenheim.de\/index.php?rest_route=\/wp\/v2\/posts"}],"about":[{"href":"https:\/\/www.ekimeissenheim.de\/index.php?rest_route=\/wp\/v2\/types\/post"}],"author":[{"embeddable":true,"href":"https:\/\/www.ekimeissenheim.de\/index.php?rest_route=\/wp\/v2\/users\/2"}],"replies":[{"embeddable":true,"href":"https:\/\/www.ekimeissenheim.de\/index.php?rest_route=%2Fwp%2Fv2%2Fcomments&post=3376"}],"version-history":[{"count":3,"href":"https:\/\/www.ekimeissenheim.de\/index.php?rest_route=\/wp\/v2\/posts\/3376\/revisions"}],"predecessor-version":[{"id":3383,"href":"https:\/\/www.ekimeissenheim.de\/index.php?rest_route=\/wp\/v2\/posts\/3376\/revisions\/3383"}],"wp:attachment":[{"href":"https:\/\/www.ekimeissenheim.de\/index.php?rest_route=%2Fwp%2Fv2%2Fmedia&parent=3376"}],"wp:term":[{"taxonomy":"category","embeddable":true,"href":"https:\/\/www.ekimeissenheim.de\/index.php?rest_route=%2Fwp%2Fv2%2Fcategories&post=3376"},{"taxonomy":"post_tag","embeddable":true,"href":"https:\/\/www.ekimeissenheim.de\/index.php?rest_route=%2Fwp%2Fv2%2Ftags&post=3376"}],"curies":[{"name":"wp","href":"https:\/\/api.w.org\/{rel}","templated":true}]}}