{"id":3332,"date":"2014-10-28T16:39:00","date_gmt":"2014-10-28T14:39:00","guid":{"rendered":"http:\/\/www.ekimeissenheim.de\/?p=3332"},"modified":"2014-10-28T16:39:00","modified_gmt":"2014-10-28T14:39:00","slug":"konfirmandenfreizeit-auf-dem-langenhard","status":"publish","type":"post","link":"https:\/\/www.ekimeissenheim.de\/?p=3332","title":{"rendered":"Konfirmandenfreizeit auf dem Langenhard"},"content":{"rendered":"<p>Die Konfirmandenfreizeit fand dieses Jahr auf dem Langenhard statt. Ereignisreiche Tage und N\u00e4chte verbrachten die Konfirmanden aus Mei\u00dfenheim und K\u00fcrzell und besch\u00e4ftigten sich mit dem Thema &#8222;Abendmahl&#8220;. Auch das gemeinsame Kochen und alles, was dazu geh\u00f6rt, wurde bravour\u00f6s gemeistert; nat\u00fcrlich auch Dank der Teamer, die auf der Freizeit dabei waren.<\/p>\n<div id=\"attachment_3333\" style=\"width: 310px\" class=\"wp-caption alignleft\"><a href=\"http:\/\/www.ekimeissenheim.de\/wp-content\/uploads\/Konfi-Freizeit-2014-Langenhard.jpg\"><img loading=\"lazy\" decoding=\"async\" aria-describedby=\"caption-attachment-3333\" class=\"size-medium wp-image-3333\" src=\"http:\/\/www.ekimeissenheim.de\/wp-content\/uploads\/Konfi-Freizeit-2014-Langenhard-300x225.jpg\" alt=\"die Konfi-Gruppe; leider waren drei Konfirmanden nicht dabei, sie waren krank geworden.\" width=\"300\" height=\"225\" srcset=\"https:\/\/www.ekimeissenheim.de\/wp-content\/uploads\/Konfi-Freizeit-2014-Langenhard-300x225.jpg 300w, https:\/\/www.ekimeissenheim.de\/wp-content\/uploads\/Konfi-Freizeit-2014-Langenhard.jpg 800w\" sizes=\"auto, (max-width: 300px) 100vw, 300px\" \/><\/a><p id=\"caption-attachment-3333\" class=\"wp-caption-text\">die Konfi-Gruppe; leider waren drei Konfirmanden nicht dabei, sie waren krank geworden.<\/p><\/div>\n","protected":false},"excerpt":{"rendered":"<p>Die Konfirmandenfreizeit fand dieses Jahr auf dem Langenhard statt. Ereignisreiche Tage und N\u00e4chte verbrachten die Konfirmanden aus Mei\u00dfenheim und K\u00fcrzell und besch\u00e4ftigten sich mit dem Thema &#8222;Abendmahl&#8220;. Auch das gemeinsame Kochen und alles, was dazu geh\u00f6rt, wurde bravour\u00f6s gemeistert; nat\u00fcrlich &hellip; <a href=\"https:\/\/www.ekimeissenheim.de\/?p=3332\">Weiterlesen <span class=\"meta-nav\">&rarr;<\/span><\/a><\/p>\n","protected":false},"author":2,"featured_media":0,"comment_status":"open","ping_status":"open","sticky":false,"template":"","format":"standard","meta":{"ngg_post_thumbnail":0,"footnotes":""},"categories":[1],"tags":[],"class_list":["post-3332","post","type-post","status-publish","format-standard","hentry","category-allgemein"],"_links":{"self":[{"href":"https:\/\/www.ekimeissenheim.de\/index.php?rest_route=\/wp\/v2\/posts\/3332","targetHints":{"allow":["GET"]}}],"collection":[{"href":"https:\/\/www.ekimeissenheim.de\/index.php?rest_route=\/wp\/v2\/posts"}],"about":[{"href":"https:\/\/www.ekimeissenheim.de\/index.php?rest_route=\/wp\/v2\/types\/post"}],"author":[{"embeddable":true,"href":"https:\/\/www.ekimeissenheim.de\/index.php?rest_route=\/wp\/v2\/users\/2"}],"replies":[{"embeddable":true,"href":"https:\/\/www.ekimeissenheim.de\/index.php?rest_route=%2Fwp%2Fv2%2Fcomments&post=3332"}],"version-history":[{"count":1,"href":"https:\/\/www.ekimeissenheim.de\/index.php?rest_route=\/wp\/v2\/posts\/3332\/revisions"}],"predecessor-version":[{"id":3334,"href":"https:\/\/www.ekimeissenheim.de\/index.php?rest_route=\/wp\/v2\/posts\/3332\/revisions\/3334"}],"wp:attachment":[{"href":"https:\/\/www.ekimeissenheim.de\/index.php?rest_route=%2Fwp%2Fv2%2Fmedia&parent=3332"}],"wp:term":[{"taxonomy":"category","embeddable":true,"href":"https:\/\/www.ekimeissenheim.de\/index.php?rest_route=%2Fwp%2Fv2%2Fcategories&post=3332"},{"taxonomy":"post_tag","embeddable":true,"href":"https:\/\/www.ekimeissenheim.de\/index.php?rest_route=%2Fwp%2Fv2%2Ftags&post=3332"}],"curies":[{"name":"wp","href":"https:\/\/api.w.org\/{rel}","templated":true}]}}