{"id":3306,"date":"2014-10-07T16:49:58","date_gmt":"2014-10-07T14:49:58","guid":{"rendered":"http:\/\/www.ekimeissenheim.de\/?p=3306"},"modified":"2015-12-11T16:49:44","modified_gmt":"2015-12-11T14:49:44","slug":"kindergarten-arche-noah-meissenheim-feiert-erntedank-in-der-kirche","status":"publish","type":"post","link":"https:\/\/www.ekimeissenheim.de\/?p=3306","title":{"rendered":"Kindergarten Arche Noah Mei\u00dfenheim feiert Erntedank in der Kirche"},"content":{"rendered":"<p>Vom Erntedanksonntag waren die Erntegaben noch um den Altar aufgebaut, das nahmen die Kinder vom Kindergarten Arche Noah in Mei\u00dfenheim zum Anlass am Montag darauf ebenfalls einen Erntedankgottesdienst zu feiern. \u00dcber die Sonne, die Erde, das Wachsen und Gedeihen wurde geredet und Gott f\u00fcr alles was w\u00e4chst gedankt. Zum Schluss stellten die Kinder ihre Erntek\u00f6rbchen auf das Bodenbild von Sonne und Erde.<\/p>\n<div id='gallery-1' class='gallery galleryid-3306 gallery-columns-3 gallery-size-thumbnail'><dl class='gallery-item'>\n\t\t\t<dt class='gallery-icon landscape'>\n\t\t\t\t<a href='https:\/\/www.ekimeissenheim.de\/?attachment_id=3307'><img loading=\"lazy\" decoding=\"async\" width=\"150\" height=\"150\" src=\"https:\/\/www.ekimeissenheim.de\/wp-content\/uploads\/auf-dem-Weg-in-die-Kirche-zum-Erntedankgottesdienst-150x150.jpg\" class=\"attachment-thumbnail size-thumbnail\" alt=\"\" \/><\/a>\n\t\t\t<\/dt><\/dl><dl class='gallery-item'>\n\t\t\t<dt class='gallery-icon landscape'>\n\t\t\t\t<a href='https:\/\/www.ekimeissenheim.de\/?attachment_id=3308'><img loading=\"lazy\" decoding=\"async\" width=\"150\" height=\"150\" src=\"https:\/\/www.ekimeissenheim.de\/wp-content\/uploads\/die-Kinder-sind-ganz-gespannt-150x150.jpg\" class=\"attachment-thumbnail size-thumbnail\" alt=\"\" \/><\/a>\n\t\t\t<\/dt><\/dl>\n\t\t\t<br style='clear: both' \/>\n\t\t<\/div>\n\n","protected":false},"excerpt":{"rendered":"<p>Vom Erntedanksonntag waren die Erntegaben noch um den Altar aufgebaut, das nahmen die Kinder vom Kindergarten Arche Noah in Mei\u00dfenheim zum Anlass am Montag darauf ebenfalls einen Erntedankgottesdienst zu feiern. \u00dcber die Sonne, die Erde, das Wachsen und Gedeihen wurde &hellip; <a href=\"https:\/\/www.ekimeissenheim.de\/?p=3306\">Weiterlesen <span class=\"meta-nav\">&rarr;<\/span><\/a><\/p>\n","protected":false},"author":2,"featured_media":0,"comment_status":"open","ping_status":"open","sticky":false,"template":"","format":"standard","meta":{"ngg_post_thumbnail":0,"footnotes":""},"categories":[1],"tags":[],"class_list":["post-3306","post","type-post","status-publish","format-standard","hentry","category-allgemein"],"_links":{"self":[{"href":"https:\/\/www.ekimeissenheim.de\/index.php?rest_route=\/wp\/v2\/posts\/3306","targetHints":{"allow":["GET"]}}],"collection":[{"href":"https:\/\/www.ekimeissenheim.de\/index.php?rest_route=\/wp\/v2\/posts"}],"about":[{"href":"https:\/\/www.ekimeissenheim.de\/index.php?rest_route=\/wp\/v2\/types\/post"}],"author":[{"embeddable":true,"href":"https:\/\/www.ekimeissenheim.de\/index.php?rest_route=\/wp\/v2\/users\/2"}],"replies":[{"embeddable":true,"href":"https:\/\/www.ekimeissenheim.de\/index.php?rest_route=%2Fwp%2Fv2%2Fcomments&post=3306"}],"version-history":[{"count":2,"href":"https:\/\/www.ekimeissenheim.de\/index.php?rest_route=\/wp\/v2\/posts\/3306\/revisions"}],"predecessor-version":[{"id":3917,"href":"https:\/\/www.ekimeissenheim.de\/index.php?rest_route=\/wp\/v2\/posts\/3306\/revisions\/3917"}],"wp:attachment":[{"href":"https:\/\/www.ekimeissenheim.de\/index.php?rest_route=%2Fwp%2Fv2%2Fmedia&parent=3306"}],"wp:term":[{"taxonomy":"category","embeddable":true,"href":"https:\/\/www.ekimeissenheim.de\/index.php?rest_route=%2Fwp%2Fv2%2Fcategories&post=3306"},{"taxonomy":"post_tag","embeddable":true,"href":"https:\/\/www.ekimeissenheim.de\/index.php?rest_route=%2Fwp%2Fv2%2Ftags&post=3306"}],"curies":[{"name":"wp","href":"https:\/\/api.w.org\/{rel}","templated":true}]}}