{"id":3289,"date":"2014-09-29T16:01:21","date_gmt":"2014-09-29T14:01:21","guid":{"rendered":"http:\/\/www.ekimeissenheim.de\/?p=3289"},"modified":"2014-10-02T11:48:44","modified_gmt":"2014-10-02T09:48:44","slug":"oliver-schuele-ordiniert","status":"publish","type":"post","link":"https:\/\/www.ekimeissenheim.de\/?p=3289","title":{"rendered":"Oliver Sch\u00fcle ordiniert"},"content":{"rendered":"<p>Der ehemalige Lehrvikar Oliver Sch\u00fcle wurde am 28. September 2014 durch Pr\u00e4latin Dagmar Zobel in der evangelischen Kirche in Mei\u00dfenheim ordiniert und so als Pfarrer der Badischen Landeskirche eingef\u00fchrt. Der Gottesdienst wurde musikalisch mitgestaltet durch den Kirchenchor unter der Leitung von Susanne Mo\u00dfmann, die auch die Orgel spielte und den Posaunenchor unter G\u00fcnter W\u00e4ldin. Sowohl zum Posaunenchor als auch zum Kirchenchor hatte Oliver Sch\u00fcle enge Verbindungen, immer wieder wirkte er in beiden Ch\u00f6ren mit. Der &#8222;neugebackene&#8220; Pfarrer freute sich sehr \u00fcber das Geschenk der Kirchengemeinden und einiger Einzelpersonen. Er bekam biblische Erz\u00e4hlfiguren, die er nun in seiner neuen Wirkungsst\u00e4tte in Oppenau, Bad Peterstal und Bad Griesbach einsetzen kann. (Bilder: Jasmin Lehmann)<\/p>\n<div id=\"attachment_3290\" style=\"width: 210px\" class=\"wp-caption alignleft\"><a href=\"http:\/\/www.ekimeissenheim.de\/wp-content\/uploads\/Ortsvorsteher-Hugo-Wingert-Oliver-Sch\u00fcle-B\u00fcrgermeister-Alexander-Schr\u00f6der.jpg\"><img loading=\"lazy\" decoding=\"async\" aria-describedby=\"caption-attachment-3290\" class=\"wp-image-3290 size-medium\" src=\"http:\/\/www.ekimeissenheim.de\/wp-content\/uploads\/Ortsvorsteher-Hugo-Wingert-Oliver-Sch\u00fcle-B\u00fcrgermeister-Alexander-Schr\u00f6der-200x300.jpg\" alt=\"Ortsvorsteher Hugo Wingert und B\u00fcrgermeister Alexander Schr\u00f6der gratulierten Oliver Sch\u00fcle\" width=\"200\" height=\"300\" \/><\/a><p id=\"caption-attachment-3290\" class=\"wp-caption-text\">Ortsvorsteher Hugo Wingert und B\u00fcrgermeister Alexander Schr\u00f6der gratulierten Oliver Sch\u00fcle; im Vordergrund die biblischen Erz\u00e4hlfiguren.<\/p><\/div>\n<div id=\"attachment_3291\" style=\"width: 310px\" class=\"wp-caption alignleft\"><a href=\"http:\/\/www.ekimeissenheim.de\/wp-content\/uploads\/Ordinierende-und-Ordinierter.jpg\"><img loading=\"lazy\" decoding=\"async\" aria-describedby=\"caption-attachment-3291\" class=\"wp-image-3291 size-medium\" src=\"http:\/\/www.ekimeissenheim.de\/wp-content\/uploads\/Ordinierende-und-Ordinierter-300x200.jpg\" alt=\"die bei der Ordination Mitwirkenden\" width=\"300\" height=\"200\" srcset=\"https:\/\/www.ekimeissenheim.de\/wp-content\/uploads\/Ordinierende-und-Ordinierter-300x200.jpg 300w, https:\/\/www.ekimeissenheim.de\/wp-content\/uploads\/Ordinierende-und-Ordinierter.jpg 900w\" sizes=\"auto, (max-width: 300px) 100vw, 300px\" \/><\/a><p id=\"caption-attachment-3291\" class=\"wp-caption-text\">(von links): Pfarrer Heinz Adler, Pfarrer Oliver Sch\u00fcle, Sigrid Beck, Pr\u00e4latin Dagmar Zobel, Hartmut Zimmermann und Pfarrerin Johanna Renner<\/p><\/div>\n","protected":false},"excerpt":{"rendered":"<p>Der ehemalige Lehrvikar Oliver Sch\u00fcle wurde am 28. September 2014 durch Pr\u00e4latin Dagmar Zobel in der evangelischen Kirche in Mei\u00dfenheim ordiniert und so als Pfarrer der Badischen Landeskirche eingef\u00fchrt. Der Gottesdienst wurde musikalisch mitgestaltet durch den Kirchenchor unter der Leitung &hellip; <a href=\"https:\/\/www.ekimeissenheim.de\/?p=3289\">Weiterlesen <span class=\"meta-nav\">&rarr;<\/span><\/a><\/p>\n","protected":false},"author":2,"featured_media":0,"comment_status":"open","ping_status":"open","sticky":false,"template":"","format":"standard","meta":{"ngg_post_thumbnail":0,"footnotes":""},"categories":[1],"tags":[],"class_list":["post-3289","post","type-post","status-publish","format-standard","hentry","category-allgemein"],"_links":{"self":[{"href":"https:\/\/www.ekimeissenheim.de\/index.php?rest_route=\/wp\/v2\/posts\/3289","targetHints":{"allow":["GET"]}}],"collection":[{"href":"https:\/\/www.ekimeissenheim.de\/index.php?rest_route=\/wp\/v2\/posts"}],"about":[{"href":"https:\/\/www.ekimeissenheim.de\/index.php?rest_route=\/wp\/v2\/types\/post"}],"author":[{"embeddable":true,"href":"https:\/\/www.ekimeissenheim.de\/index.php?rest_route=\/wp\/v2\/users\/2"}],"replies":[{"embeddable":true,"href":"https:\/\/www.ekimeissenheim.de\/index.php?rest_route=%2Fwp%2Fv2%2Fcomments&post=3289"}],"version-history":[{"count":4,"href":"https:\/\/www.ekimeissenheim.de\/index.php?rest_route=\/wp\/v2\/posts\/3289\/revisions"}],"predecessor-version":[{"id":3299,"href":"https:\/\/www.ekimeissenheim.de\/index.php?rest_route=\/wp\/v2\/posts\/3289\/revisions\/3299"}],"wp:attachment":[{"href":"https:\/\/www.ekimeissenheim.de\/index.php?rest_route=%2Fwp%2Fv2%2Fmedia&parent=3289"}],"wp:term":[{"taxonomy":"category","embeddable":true,"href":"https:\/\/www.ekimeissenheim.de\/index.php?rest_route=%2Fwp%2Fv2%2Fcategories&post=3289"},{"taxonomy":"post_tag","embeddable":true,"href":"https:\/\/www.ekimeissenheim.de\/index.php?rest_route=%2Fwp%2Fv2%2Ftags&post=3289"}],"curies":[{"name":"wp","href":"https:\/\/api.w.org\/{rel}","templated":true}]}}