{"id":3285,"date":"2014-09-29T15:54:35","date_gmt":"2014-09-29T13:54:35","guid":{"rendered":"http:\/\/www.ekimeissenheim.de\/?p=3285"},"modified":"2014-09-29T15:54:35","modified_gmt":"2014-09-29T13:54:35","slug":"diamantene-konfirmation-in-kuerzell","status":"publish","type":"post","link":"https:\/\/www.ekimeissenheim.de\/?p=3285","title":{"rendered":"Diamantene Konfirmation in K\u00fcrzell"},"content":{"rendered":"<p>Am Sonntag 21. September 2014 feierten die Diamantenen Jubelkonfirmanden das Ged\u00e4chtnis ihrer Konfirmation. Im Gottesdienst wurde R\u00fcckblick gehalten auf die zur\u00fcckliegenden 60 Jahre seid der Konfirmation, dabei war der Dank an Gott im Vordergrund und die Bitte um sein weiteres Geleit auf dem Lebensweg.<\/p>\n<div id=\"attachment_3287\" style=\"width: 226px\" class=\"wp-caption alignleft\"><a href=\"http:\/\/www.ekimeissenheim.de\/wp-content\/uploads\/Diamantene-Konfirmation-2-K\u00fcrzell-2014.jpg\"><img loading=\"lazy\" decoding=\"async\" aria-describedby=\"caption-attachment-3287\" class=\"size-medium wp-image-3287\" src=\"http:\/\/www.ekimeissenheim.de\/wp-content\/uploads\/Diamantene-Konfirmation-2-K\u00fcrzell-2014-216x300.jpg\" alt=\"Diamantene Konfirmanden K\u00fcrzell\" width=\"216\" height=\"300\" \/><\/a><p id=\"caption-attachment-3287\" class=\"wp-caption-text\">Diamantene Konfirmanden K\u00fcrzell<\/p><\/div>\n","protected":false},"excerpt":{"rendered":"<p>Am Sonntag 21. September 2014 feierten die Diamantenen Jubelkonfirmanden das Ged\u00e4chtnis ihrer Konfirmation. Im Gottesdienst wurde R\u00fcckblick gehalten auf die zur\u00fcckliegenden 60 Jahre seid der Konfirmation, dabei war der Dank an Gott im Vordergrund und die Bitte um sein weiteres &hellip; <a href=\"https:\/\/www.ekimeissenheim.de\/?p=3285\">Weiterlesen <span class=\"meta-nav\">&rarr;<\/span><\/a><\/p>\n","protected":false},"author":2,"featured_media":0,"comment_status":"open","ping_status":"open","sticky":false,"template":"","format":"standard","meta":{"ngg_post_thumbnail":0,"footnotes":""},"categories":[1],"tags":[],"class_list":["post-3285","post","type-post","status-publish","format-standard","hentry","category-allgemein"],"_links":{"self":[{"href":"https:\/\/www.ekimeissenheim.de\/index.php?rest_route=\/wp\/v2\/posts\/3285","targetHints":{"allow":["GET"]}}],"collection":[{"href":"https:\/\/www.ekimeissenheim.de\/index.php?rest_route=\/wp\/v2\/posts"}],"about":[{"href":"https:\/\/www.ekimeissenheim.de\/index.php?rest_route=\/wp\/v2\/types\/post"}],"author":[{"embeddable":true,"href":"https:\/\/www.ekimeissenheim.de\/index.php?rest_route=\/wp\/v2\/users\/2"}],"replies":[{"embeddable":true,"href":"https:\/\/www.ekimeissenheim.de\/index.php?rest_route=%2Fwp%2Fv2%2Fcomments&post=3285"}],"version-history":[{"count":1,"href":"https:\/\/www.ekimeissenheim.de\/index.php?rest_route=\/wp\/v2\/posts\/3285\/revisions"}],"predecessor-version":[{"id":3288,"href":"https:\/\/www.ekimeissenheim.de\/index.php?rest_route=\/wp\/v2\/posts\/3285\/revisions\/3288"}],"wp:attachment":[{"href":"https:\/\/www.ekimeissenheim.de\/index.php?rest_route=%2Fwp%2Fv2%2Fmedia&parent=3285"}],"wp:term":[{"taxonomy":"category","embeddable":true,"href":"https:\/\/www.ekimeissenheim.de\/index.php?rest_route=%2Fwp%2Fv2%2Fcategories&post=3285"},{"taxonomy":"post_tag","embeddable":true,"href":"https:\/\/www.ekimeissenheim.de\/index.php?rest_route=%2Fwp%2Fv2%2Ftags&post=3285"}],"curies":[{"name":"wp","href":"https:\/\/api.w.org\/{rel}","templated":true}]}}