{"id":3275,"date":"2014-09-23T20:24:49","date_gmt":"2014-09-23T18:24:49","guid":{"rendered":"http:\/\/www.ekimeissenheim.de\/?p=3275"},"modified":"2014-09-23T20:24:49","modified_gmt":"2014-09-23T18:24:49","slug":"behuetet-gottesdienst-zur-einschulung","status":"publish","type":"post","link":"https:\/\/www.ekimeissenheim.de\/?p=3275","title":{"rendered":"&#8222;Beh\u00fctet&#8220; Gottesdienst zur Einschulung"},"content":{"rendered":"<p>Am Samstag, 20. September wurden die Mei\u00dfenheimer und K\u00fcrzeller Kinder eingeschult. Davor fand ein \u00f6kumenischer Gottesdienst zur Einschulung statt, der unter dem Thema &#8222;Beh\u00fctet&#8220; stand. Pfr. Adler und Albert Hugelmann von der katholischen Kirche leiteten den Gottesdienst, an dessen Ende die Kinder einen Hut als Symbol f\u00fcr das &#8222;Beh\u00fctet sein von Gott&#8220; bekamen.<br \/>\n<a href=\"http:\/\/www.ekimeissenheim.de\/wp-content\/uploads\/Einschulungsgottesdienst-2014.jpg\"><img loading=\"lazy\" decoding=\"async\" class=\"alignleft size-medium wp-image-3276\" src=\"http:\/\/www.ekimeissenheim.de\/wp-content\/uploads\/Einschulungsgottesdienst-2014-300x225.jpg\" alt=\"Einschulungsgottesdienst 2014\" width=\"300\" height=\"225\" srcset=\"https:\/\/www.ekimeissenheim.de\/wp-content\/uploads\/Einschulungsgottesdienst-2014-300x225.jpg 300w, https:\/\/www.ekimeissenheim.de\/wp-content\/uploads\/Einschulungsgottesdienst-2014.jpg 800w\" sizes=\"auto, (max-width: 300px) 100vw, 300px\" \/><\/a><\/p>\n","protected":false},"excerpt":{"rendered":"<p>Am Samstag, 20. September wurden die Mei\u00dfenheimer und K\u00fcrzeller Kinder eingeschult. Davor fand ein \u00f6kumenischer Gottesdienst zur Einschulung statt, der unter dem Thema &#8222;Beh\u00fctet&#8220; stand. Pfr. Adler und Albert Hugelmann von der katholischen Kirche leiteten den Gottesdienst, an dessen Ende &hellip; <a href=\"https:\/\/www.ekimeissenheim.de\/?p=3275\">Weiterlesen <span class=\"meta-nav\">&rarr;<\/span><\/a><\/p>\n","protected":false},"author":2,"featured_media":0,"comment_status":"open","ping_status":"open","sticky":false,"template":"","format":"standard","meta":{"ngg_post_thumbnail":0,"footnotes":""},"categories":[1],"tags":[],"class_list":["post-3275","post","type-post","status-publish","format-standard","hentry","category-allgemein"],"_links":{"self":[{"href":"https:\/\/www.ekimeissenheim.de\/index.php?rest_route=\/wp\/v2\/posts\/3275","targetHints":{"allow":["GET"]}}],"collection":[{"href":"https:\/\/www.ekimeissenheim.de\/index.php?rest_route=\/wp\/v2\/posts"}],"about":[{"href":"https:\/\/www.ekimeissenheim.de\/index.php?rest_route=\/wp\/v2\/types\/post"}],"author":[{"embeddable":true,"href":"https:\/\/www.ekimeissenheim.de\/index.php?rest_route=\/wp\/v2\/users\/2"}],"replies":[{"embeddable":true,"href":"https:\/\/www.ekimeissenheim.de\/index.php?rest_route=%2Fwp%2Fv2%2Fcomments&post=3275"}],"version-history":[{"count":1,"href":"https:\/\/www.ekimeissenheim.de\/index.php?rest_route=\/wp\/v2\/posts\/3275\/revisions"}],"predecessor-version":[{"id":3277,"href":"https:\/\/www.ekimeissenheim.de\/index.php?rest_route=\/wp\/v2\/posts\/3275\/revisions\/3277"}],"wp:attachment":[{"href":"https:\/\/www.ekimeissenheim.de\/index.php?rest_route=%2Fwp%2Fv2%2Fmedia&parent=3275"}],"wp:term":[{"taxonomy":"category","embeddable":true,"href":"https:\/\/www.ekimeissenheim.de\/index.php?rest_route=%2Fwp%2Fv2%2Fcategories&post=3275"},{"taxonomy":"post_tag","embeddable":true,"href":"https:\/\/www.ekimeissenheim.de\/index.php?rest_route=%2Fwp%2Fv2%2Ftags&post=3275"}],"curies":[{"name":"wp","href":"https:\/\/api.w.org\/{rel}","templated":true}]}}