{"id":3264,"date":"2014-09-10T08:04:15","date_gmt":"2014-09-10T06:04:15","guid":{"rendered":"http:\/\/www.ekimeissenheim.de\/?p=3264"},"modified":"2014-09-10T08:04:15","modified_gmt":"2014-09-10T06:04:15","slug":"besonderer-taufort-matschelsee-in-kuerzell","status":"publish","type":"post","link":"https:\/\/www.ekimeissenheim.de\/?p=3264","title":{"rendered":"Besonderer Taufort &#8211; Matschelsee in K\u00fcrzell"},"content":{"rendered":"<p>Einen besonderen Taufort hat sich Familie Bayer\/Reichenbach f\u00fcr ihre Tochter Anna ausgew\u00e4hlt. Wie schon f\u00fcr die Tochter Marla fand die Taufe am Matschelsee in K\u00fcrzell statt. Den vielen Schnacken trotzend fand man ein lauschiges Pl\u00e4tzchen, an dem die Taufe stattfinden konnte. Eltern, Paten und Gro\u00dfeltern beteiligten sich mit verschiedenen Beitr\u00e4gen an dem Taufgottesdienst.<br \/>\n<a href=\"http:\/\/www.ekimeissenheim.de\/wp-content\/uploads\/Taufe-Anna-Bayer-am-Matschelsee-2014-08-Taufkerze.jpg\"><img loading=\"lazy\" decoding=\"async\" class=\"alignleft size-medium wp-image-3265\" src=\"http:\/\/www.ekimeissenheim.de\/wp-content\/uploads\/Taufe-Anna-Bayer-am-Matschelsee-2014-08-Taufkerze-300x199.jpg\" alt=\"Taufe Anna Bayer am Matschelsee 2014-08 Taufkerze\" width=\"300\" height=\"199\" srcset=\"https:\/\/www.ekimeissenheim.de\/wp-content\/uploads\/Taufe-Anna-Bayer-am-Matschelsee-2014-08-Taufkerze-300x199.jpg 300w, https:\/\/www.ekimeissenheim.de\/wp-content\/uploads\/Taufe-Anna-Bayer-am-Matschelsee-2014-08-Taufkerze.jpg 800w\" sizes=\"auto, (max-width: 300px) 100vw, 300px\" \/><\/a> <a href=\"http:\/\/www.ekimeissenheim.de\/wp-content\/uploads\/Taufe-Anna-Bayer-am-Matschelsee-2014-08-Eltern-und-Paten-und-T\u00e4ufling.jpg\"><img loading=\"lazy\" decoding=\"async\" class=\"alignleft size-medium wp-image-3266\" src=\"http:\/\/www.ekimeissenheim.de\/wp-content\/uploads\/Taufe-Anna-Bayer-am-Matschelsee-2014-08-Eltern-und-Paten-und-T\u00e4ufling-300x199.jpg\" alt=\"Taufe Anna Bayer am Matschelsee 2014-08 Eltern und Paten und T\u00e4ufling\" width=\"300\" height=\"199\" \/><\/a> <a href=\"http:\/\/www.ekimeissenheim.de\/wp-content\/uploads\/Taufe-Anna-Bayer-am-Matschelsee-2014-08-Taufakt.jpg\"><img loading=\"lazy\" decoding=\"async\" class=\"alignleft size-medium wp-image-3267\" src=\"http:\/\/www.ekimeissenheim.de\/wp-content\/uploads\/Taufe-Anna-Bayer-am-Matschelsee-2014-08-Taufakt-300x199.jpg\" alt=\"Taufe Anna Bayer am Matschelsee 2014-08 Taufakt\" width=\"300\" height=\"199\" srcset=\"https:\/\/www.ekimeissenheim.de\/wp-content\/uploads\/Taufe-Anna-Bayer-am-Matschelsee-2014-08-Taufakt-300x199.jpg 300w, https:\/\/www.ekimeissenheim.de\/wp-content\/uploads\/Taufe-Anna-Bayer-am-Matschelsee-2014-08-Taufakt.jpg 800w\" sizes=\"auto, (max-width: 300px) 100vw, 300px\" \/><\/a><\/p>\n","protected":false},"excerpt":{"rendered":"<p>Einen besonderen Taufort hat sich Familie Bayer\/Reichenbach f\u00fcr ihre Tochter Anna ausgew\u00e4hlt. Wie schon f\u00fcr die Tochter Marla fand die Taufe am Matschelsee in K\u00fcrzell statt. Den vielen Schnacken trotzend fand man ein lauschiges Pl\u00e4tzchen, an dem die Taufe stattfinden &hellip; <a href=\"https:\/\/www.ekimeissenheim.de\/?p=3264\">Weiterlesen <span class=\"meta-nav\">&rarr;<\/span><\/a><\/p>\n","protected":false},"author":2,"featured_media":0,"comment_status":"open","ping_status":"open","sticky":false,"template":"","format":"standard","meta":{"ngg_post_thumbnail":0,"footnotes":""},"categories":[1],"tags":[],"class_list":["post-3264","post","type-post","status-publish","format-standard","hentry","category-allgemein"],"_links":{"self":[{"href":"https:\/\/www.ekimeissenheim.de\/index.php?rest_route=\/wp\/v2\/posts\/3264","targetHints":{"allow":["GET"]}}],"collection":[{"href":"https:\/\/www.ekimeissenheim.de\/index.php?rest_route=\/wp\/v2\/posts"}],"about":[{"href":"https:\/\/www.ekimeissenheim.de\/index.php?rest_route=\/wp\/v2\/types\/post"}],"author":[{"embeddable":true,"href":"https:\/\/www.ekimeissenheim.de\/index.php?rest_route=\/wp\/v2\/users\/2"}],"replies":[{"embeddable":true,"href":"https:\/\/www.ekimeissenheim.de\/index.php?rest_route=%2Fwp%2Fv2%2Fcomments&post=3264"}],"version-history":[{"count":1,"href":"https:\/\/www.ekimeissenheim.de\/index.php?rest_route=\/wp\/v2\/posts\/3264\/revisions"}],"predecessor-version":[{"id":3268,"href":"https:\/\/www.ekimeissenheim.de\/index.php?rest_route=\/wp\/v2\/posts\/3264\/revisions\/3268"}],"wp:attachment":[{"href":"https:\/\/www.ekimeissenheim.de\/index.php?rest_route=%2Fwp%2Fv2%2Fmedia&parent=3264"}],"wp:term":[{"taxonomy":"category","embeddable":true,"href":"https:\/\/www.ekimeissenheim.de\/index.php?rest_route=%2Fwp%2Fv2%2Fcategories&post=3264"},{"taxonomy":"post_tag","embeddable":true,"href":"https:\/\/www.ekimeissenheim.de\/index.php?rest_route=%2Fwp%2Fv2%2Ftags&post=3264"}],"curies":[{"name":"wp","href":"https:\/\/api.w.org\/{rel}","templated":true}]}}