{"id":3154,"date":"2014-07-29T15:19:36","date_gmt":"2014-07-29T13:19:36","guid":{"rendered":"http:\/\/www.ekimeissenheim.de\/?p=3154"},"modified":"2014-07-29T15:19:36","modified_gmt":"2014-07-29T13:19:36","slug":"segensgottesdienst-fuer-schulanfaenger","status":"publish","type":"post","link":"https:\/\/www.ekimeissenheim.de\/?p=3154","title":{"rendered":"Segensgottesdienst f\u00fcr Schulanf\u00e4nger"},"content":{"rendered":"<p><strong>\u201eUnter Gottes gro\u00dfem Schirm\u201c<\/strong><br \/>\nSo lautete das Motto des diesj\u00e4hrigen Segensgottesdienstes der Schulanf\u00e4nger des Kindergarten Kunterbunt.<br \/>\nDie Schulanf\u00e4nger sa\u00dfen stolz vor dem Altar und waren so Mittelpunkt des Gottesdienstes. Die Freude konnte man ihnen vom Gesicht ablesen. Das Motto \u201eUnter Gottes gro\u00dfem Schirm\u201c wurde w\u00e4hrend des Gottesdienstes immer wieder aufgegriffen. Zum Beispiel haben die Schulanf\u00e4nger mit einer kleinen Choreographie das Lied \u201eSeht mal meinen Regenschirm\u201c mit ihrer Erzieherin Michaela B\u00f6gelein vorgetragen. Auch die Bedeutung eines Schirmes wurde der Gemeinde von den Schulanf\u00e4ngern verdeutlicht. Ausgeschm\u00fcckt wurde der Gottesdienst mit weiteren Liedern von allen Kindern des Kindergartens.<br \/>\nZum Abschied und f\u00fcr den weiteren Lebensweg, \u00fcberreichten die Bezugserzieherinnen jedem Kind einen Schutzengelreflektor f\u00fcr den Schulranzen mit dem Vers \u201e Ich passe auf dich auf\u201c. Gesegnet von Herr Pfarrer Adler und mit dem Lied \u201eM\u00f6gen Engel euch begleiten\u201c zogen die Schulanf\u00e4nger mit ihrer Erzieherin aus der Kirche aus.<\/p>\n<p><em>Liebe Schulanf\u00e4nger, wir w\u00fcnschen Euch, f\u00fcr euren neuen Lebensabschnitt, Erfolg, Gesundheit und den Schutz unter Gottes gro\u00dfem Schirm.<\/em><\/p>\n<div id=\"attachment_3155\" style=\"width: 310px\" class=\"wp-caption alignleft\"><a href=\"http:\/\/www.ekimeissenheim.de\/wp-content\/uploads\/SAM_0304.jpg\"><img loading=\"lazy\" decoding=\"async\" aria-describedby=\"caption-attachment-3155\" class=\"size-medium wp-image-3155\" src=\"http:\/\/www.ekimeissenheim.de\/wp-content\/uploads\/SAM_0304-300x199.jpg\" alt=\"Die Kinder singen ein Lied\" width=\"300\" height=\"199\" srcset=\"https:\/\/www.ekimeissenheim.de\/wp-content\/uploads\/SAM_0304-300x199.jpg 300w, https:\/\/www.ekimeissenheim.de\/wp-content\/uploads\/SAM_0304.jpg 800w\" sizes=\"auto, (max-width: 300px) 100vw, 300px\" \/><\/a><p id=\"caption-attachment-3155\" class=\"wp-caption-text\">Die Kinder singen ein Lied<\/p><\/div>\n<div id=\"attachment_3156\" style=\"width: 310px\" class=\"wp-caption alignleft\"><a href=\"http:\/\/www.ekimeissenheim.de\/wp-content\/uploads\/SAM_0318.jpg\"><img loading=\"lazy\" decoding=\"async\" aria-describedby=\"caption-attachment-3156\" class=\"size-medium wp-image-3156\" src=\"http:\/\/www.ekimeissenheim.de\/wp-content\/uploads\/SAM_0318-300x199.jpg\" alt=\"der Regenschirm wird erkl\u00e4rt\" width=\"300\" height=\"199\" srcset=\"https:\/\/www.ekimeissenheim.de\/wp-content\/uploads\/SAM_0318-300x199.jpg 300w, https:\/\/www.ekimeissenheim.de\/wp-content\/uploads\/SAM_0318.jpg 800w\" sizes=\"auto, (max-width: 300px) 100vw, 300px\" \/><\/a><p id=\"caption-attachment-3156\" class=\"wp-caption-text\">der Regenschirm wird erkl\u00e4rt<\/p><\/div>\n<div id=\"attachment_3157\" style=\"width: 210px\" class=\"wp-caption alignleft\"><a href=\"http:\/\/www.ekimeissenheim.de\/wp-content\/uploads\/SAM_0320.jpg\"><img loading=\"lazy\" decoding=\"async\" aria-describedby=\"caption-attachment-3157\" class=\"size-medium wp-image-3157\" src=\"http:\/\/www.ekimeissenheim.de\/wp-content\/uploads\/SAM_0320-200x300.jpg\" alt=\"unter dem Schirm\" width=\"200\" height=\"300\" srcset=\"https:\/\/www.ekimeissenheim.de\/wp-content\/uploads\/SAM_0320-200x300.jpg 200w, https:\/\/www.ekimeissenheim.de\/wp-content\/uploads\/SAM_0320-682x1024.jpg 682w, https:\/\/www.ekimeissenheim.de\/wp-content\/uploads\/SAM_0320.jpg 800w\" sizes=\"auto, (max-width: 200px) 100vw, 200px\" \/><\/a><p id=\"caption-attachment-3157\" class=\"wp-caption-text\">unter dem Schirm<\/p><\/div>\n<p><strong>\u00a0<\/strong><\/p>\n","protected":false},"excerpt":{"rendered":"<p>\u201eUnter Gottes gro\u00dfem Schirm\u201c So lautete das Motto des diesj\u00e4hrigen Segensgottesdienstes der Schulanf\u00e4nger des Kindergarten Kunterbunt. Die Schulanf\u00e4nger sa\u00dfen stolz vor dem Altar und waren so Mittelpunkt des Gottesdienstes. Die Freude konnte man ihnen vom Gesicht ablesen. Das Motto \u201eUnter &hellip; <a href=\"https:\/\/www.ekimeissenheim.de\/?p=3154\">Weiterlesen <span class=\"meta-nav\">&rarr;<\/span><\/a><\/p>\n","protected":false},"author":2,"featured_media":0,"comment_status":"open","ping_status":"open","sticky":false,"template":"","format":"standard","meta":{"ngg_post_thumbnail":0,"footnotes":""},"categories":[1],"tags":[],"class_list":["post-3154","post","type-post","status-publish","format-standard","hentry","category-allgemein"],"_links":{"self":[{"href":"https:\/\/www.ekimeissenheim.de\/index.php?rest_route=\/wp\/v2\/posts\/3154","targetHints":{"allow":["GET"]}}],"collection":[{"href":"https:\/\/www.ekimeissenheim.de\/index.php?rest_route=\/wp\/v2\/posts"}],"about":[{"href":"https:\/\/www.ekimeissenheim.de\/index.php?rest_route=\/wp\/v2\/types\/post"}],"author":[{"embeddable":true,"href":"https:\/\/www.ekimeissenheim.de\/index.php?rest_route=\/wp\/v2\/users\/2"}],"replies":[{"embeddable":true,"href":"https:\/\/www.ekimeissenheim.de\/index.php?rest_route=%2Fwp%2Fv2%2Fcomments&post=3154"}],"version-history":[{"count":1,"href":"https:\/\/www.ekimeissenheim.de\/index.php?rest_route=\/wp\/v2\/posts\/3154\/revisions"}],"predecessor-version":[{"id":3158,"href":"https:\/\/www.ekimeissenheim.de\/index.php?rest_route=\/wp\/v2\/posts\/3154\/revisions\/3158"}],"wp:attachment":[{"href":"https:\/\/www.ekimeissenheim.de\/index.php?rest_route=%2Fwp%2Fv2%2Fmedia&parent=3154"}],"wp:term":[{"taxonomy":"category","embeddable":true,"href":"https:\/\/www.ekimeissenheim.de\/index.php?rest_route=%2Fwp%2Fv2%2Fcategories&post=3154"},{"taxonomy":"post_tag","embeddable":true,"href":"https:\/\/www.ekimeissenheim.de\/index.php?rest_route=%2Fwp%2Fv2%2Ftags&post=3154"}],"curies":[{"name":"wp","href":"https:\/\/api.w.org\/{rel}","templated":true}]}}