{"id":3131,"date":"2014-07-08T13:06:27","date_gmt":"2014-07-08T11:06:27","guid":{"rendered":"http:\/\/www.ekimeissenheim.de\/?p=3131"},"modified":"2014-07-08T13:06:27","modified_gmt":"2014-07-08T11:06:27","slug":"johannismusik-2014","status":"publish","type":"post","link":"https:\/\/www.ekimeissenheim.de\/?p=3131","title":{"rendered":"Johannismusik 2014"},"content":{"rendered":"<p>Viele Gottesdienstbesucher erlebten die Johannismusik in Mei\u00dfenheim. Der Kirchenchor unter Leitung von Susanne Mo\u00dfmann und der Posaunenchor unter der Leitung von G\u00fcnter W\u00e4ldin hatten ein anspruchsvolles Programm zusammengestellt, bei dem auch die Gemeinde beteiligt war. An der Orgel spielte Ren\u00e9 Morelle.<br \/>\nTraditionell wurde im Anschluss an den Gottesdienst zum Umtrunk im Pfarrgarten mit dem Johannisfeuer eingeladen.<\/p>\n<div id='gallery-1' class='gallery galleryid-3131 gallery-columns-3 gallery-size-thumbnail'><dl class='gallery-item'>\n\t\t\t<dt class='gallery-icon landscape'>\n\t\t\t\t<a href='https:\/\/www.ekimeissenheim.de\/?attachment_id=3133'><img loading=\"lazy\" decoding=\"async\" width=\"150\" height=\"150\" src=\"https:\/\/www.ekimeissenheim.de\/wp-content\/uploads\/Bernd-Hannemann-unser-Feuermeister-150x150.jpg\" class=\"attachment-thumbnail size-thumbnail\" alt=\"\" aria-describedby=\"gallery-1-3133\" \/><\/a>\n\t\t\t<\/dt>\n\t\t\t\t<dd class='wp-caption-text gallery-caption' id='gallery-1-3133'>\n\t\t\t\tBernd Hannemann unser Feuermeister\n\t\t\t\t<\/dd><\/dl><dl class='gallery-item'>\n\t\t\t<dt class='gallery-icon landscape'>\n\t\t\t\t<a href='https:\/\/www.ekimeissenheim.de\/?attachment_id=3135'><img loading=\"lazy\" decoding=\"async\" width=\"150\" height=\"150\" src=\"https:\/\/www.ekimeissenheim.de\/wp-content\/uploads\/ein-Platz-an-der-Sonne-150x150.jpg\" class=\"attachment-thumbnail size-thumbnail\" alt=\"\" aria-describedby=\"gallery-1-3135\" \/><\/a>\n\t\t\t<\/dt>\n\t\t\t\t<dd class='wp-caption-text gallery-caption' id='gallery-1-3135'>\n\t\t\t\tein Platz an der Sonne\n\t\t\t\t<\/dd><\/dl><dl class='gallery-item'>\n\t\t\t<dt class='gallery-icon landscape'>\n\t\t\t\t<a href='https:\/\/www.ekimeissenheim.de\/?attachment_id=3136'><img loading=\"lazy\" decoding=\"async\" width=\"150\" height=\"150\" src=\"https:\/\/www.ekimeissenheim.de\/wp-content\/uploads\/ein-Schluck-zur-Erfrischung-150x150.jpg\" class=\"attachment-thumbnail size-thumbnail\" alt=\"\" aria-describedby=\"gallery-1-3136\" \/><\/a>\n\t\t\t<\/dt>\n\t\t\t\t<dd class='wp-caption-text gallery-caption' id='gallery-1-3136'>\n\t\t\t\tein Schluck zur Erfrischung\n\t\t\t\t<\/dd><\/dl><br style=\"clear: both\" \/><dl class='gallery-item'>\n\t\t\t<dt class='gallery-icon landscape'>\n\t\t\t\t<a href='https:\/\/www.ekimeissenheim.de\/?attachment_id=3139'><img loading=\"lazy\" decoding=\"async\" width=\"150\" height=\"150\" src=\"https:\/\/www.ekimeissenheim.de\/wp-content\/uploads\/viele-waren-noch-beim-Johannisfeuer-150x150.jpg\" class=\"attachment-thumbnail size-thumbnail\" alt=\"\" aria-describedby=\"gallery-1-3139\" \/><\/a>\n\t\t\t<\/dt>\n\t\t\t\t<dd class='wp-caption-text gallery-caption' id='gallery-1-3139'>\n\t\t\t\tviele waren noch beim Johannisfeuer\n\t\t\t\t<\/dd><\/dl>\n\t\t\t<br style='clear: both' \/>\n\t\t<\/div>\n\n","protected":false},"excerpt":{"rendered":"<p>Viele Gottesdienstbesucher erlebten die Johannismusik in Mei\u00dfenheim. Der Kirchenchor unter Leitung von Susanne Mo\u00dfmann und der Posaunenchor unter der Leitung von G\u00fcnter W\u00e4ldin hatten ein anspruchsvolles Programm zusammengestellt, bei dem auch die Gemeinde beteiligt war. An der Orgel spielte Ren\u00e9 &hellip; <a href=\"https:\/\/www.ekimeissenheim.de\/?p=3131\">Weiterlesen <span class=\"meta-nav\">&rarr;<\/span><\/a><\/p>\n","protected":false},"author":2,"featured_media":0,"comment_status":"open","ping_status":"open","sticky":false,"template":"","format":"standard","meta":{"ngg_post_thumbnail":0,"footnotes":""},"categories":[1],"tags":[],"class_list":["post-3131","post","type-post","status-publish","format-standard","hentry","category-allgemein"],"_links":{"self":[{"href":"https:\/\/www.ekimeissenheim.de\/index.php?rest_route=\/wp\/v2\/posts\/3131","targetHints":{"allow":["GET"]}}],"collection":[{"href":"https:\/\/www.ekimeissenheim.de\/index.php?rest_route=\/wp\/v2\/posts"}],"about":[{"href":"https:\/\/www.ekimeissenheim.de\/index.php?rest_route=\/wp\/v2\/types\/post"}],"author":[{"embeddable":true,"href":"https:\/\/www.ekimeissenheim.de\/index.php?rest_route=\/wp\/v2\/users\/2"}],"replies":[{"embeddable":true,"href":"https:\/\/www.ekimeissenheim.de\/index.php?rest_route=%2Fwp%2Fv2%2Fcomments&post=3131"}],"version-history":[{"count":1,"href":"https:\/\/www.ekimeissenheim.de\/index.php?rest_route=\/wp\/v2\/posts\/3131\/revisions"}],"predecessor-version":[{"id":3140,"href":"https:\/\/www.ekimeissenheim.de\/index.php?rest_route=\/wp\/v2\/posts\/3131\/revisions\/3140"}],"wp:attachment":[{"href":"https:\/\/www.ekimeissenheim.de\/index.php?rest_route=%2Fwp%2Fv2%2Fmedia&parent=3131"}],"wp:term":[{"taxonomy":"category","embeddable":true,"href":"https:\/\/www.ekimeissenheim.de\/index.php?rest_route=%2Fwp%2Fv2%2Fcategories&post=3131"},{"taxonomy":"post_tag","embeddable":true,"href":"https:\/\/www.ekimeissenheim.de\/index.php?rest_route=%2Fwp%2Fv2%2Ftags&post=3131"}],"curies":[{"name":"wp","href":"https:\/\/api.w.org\/{rel}","templated":true}]}}