{"id":3125,"date":"2014-07-08T12:58:20","date_gmt":"2014-07-08T10:58:20","guid":{"rendered":"http:\/\/www.ekimeissenheim.de\/?p=3125"},"modified":"2014-07-08T12:58:20","modified_gmt":"2014-07-08T10:58:20","slug":"krabbelgottesdienst-vor-den-mauern-jerichos","status":"publish","type":"post","link":"https:\/\/www.ekimeissenheim.de\/?p=3125","title":{"rendered":"Krabbelgottesdienst vor den Mauern Jerichos"},"content":{"rendered":"<p>Im Krabbelgottesdienst am Samstag, 5. Juli erlebten die Kinder die Geschichte von der Stadtmauer von Jericho. Auf ihrer langen Reise durch Gebirge und W\u00fcste kam das Volk Israel auch zur Stadt Jericho, doch die Stadt hatte eine dicke Mauer und konnte nicht eingenommen werden. Erst nachdem die Mauer sechsmal umrundet wurde gab die Mauer nach. In der Stadt selbst wurde dann ein Fest gefeiert.<br \/>\nIn diesem Krabbelgottesdienst wurde auch die langj\u00e4hrige Mitarbeiterin Mirjam Weber verabschiedet. Pfarrer Adler dankte ihr f\u00fcr die geleistete Arbeit und \u00fcberreichte einen Blumenstock. Hier ein paar Eindr\u00fccke:<\/p>\n<div id='gallery-1' class='gallery galleryid-3125 gallery-columns-3 gallery-size-thumbnail'><dl class='gallery-item'>\n\t\t\t<dt class='gallery-icon landscape'>\n\t\t\t\t<a href='https:\/\/www.ekimeissenheim.de\/?attachment_id=3126'><img loading=\"lazy\" decoding=\"async\" width=\"150\" height=\"150\" src=\"https:\/\/www.ekimeissenheim.de\/wp-content\/uploads\/beim-Segenslied-150x150.jpg\" class=\"attachment-thumbnail size-thumbnail\" alt=\"\" \/><\/a>\n\t\t\t<\/dt><\/dl><dl class='gallery-item'>\n\t\t\t<dt class='gallery-icon landscape'>\n\t\t\t\t<a href='https:\/\/www.ekimeissenheim.de\/?attachment_id=3127'><img loading=\"lazy\" decoding=\"async\" width=\"150\" height=\"150\" src=\"https:\/\/www.ekimeissenheim.de\/wp-content\/uploads\/Mirjam-Weber-verabschiedet-150x150.jpg\" class=\"attachment-thumbnail size-thumbnail\" alt=\"\" \/><\/a>\n\t\t\t<\/dt><\/dl><dl class='gallery-item'>\n\t\t\t<dt class='gallery-icon landscape'>\n\t\t\t\t<a href='https:\/\/www.ekimeissenheim.de\/?attachment_id=3128'><img loading=\"lazy\" decoding=\"async\" width=\"150\" height=\"150\" src=\"https:\/\/www.ekimeissenheim.de\/wp-content\/uploads\/nach-der-Eroberung-der-Stadt-gab-es-etwas-zu-essen-150x150.jpg\" class=\"attachment-thumbnail size-thumbnail\" alt=\"\" \/><\/a>\n\t\t\t<\/dt><\/dl><br style=\"clear: both\" \/>\n\t\t<\/div>\n\n","protected":false},"excerpt":{"rendered":"<p>Im Krabbelgottesdienst am Samstag, 5. Juli erlebten die Kinder die Geschichte von der Stadtmauer von Jericho. Auf ihrer langen Reise durch Gebirge und W\u00fcste kam das Volk Israel auch zur Stadt Jericho, doch die Stadt hatte eine dicke Mauer und &hellip; <a href=\"https:\/\/www.ekimeissenheim.de\/?p=3125\">Weiterlesen <span class=\"meta-nav\">&rarr;<\/span><\/a><\/p>\n","protected":false},"author":2,"featured_media":0,"comment_status":"open","ping_status":"open","sticky":false,"template":"","format":"standard","meta":{"ngg_post_thumbnail":0,"footnotes":""},"categories":[1],"tags":[],"class_list":["post-3125","post","type-post","status-publish","format-standard","hentry","category-allgemein"],"_links":{"self":[{"href":"https:\/\/www.ekimeissenheim.de\/index.php?rest_route=\/wp\/v2\/posts\/3125","targetHints":{"allow":["GET"]}}],"collection":[{"href":"https:\/\/www.ekimeissenheim.de\/index.php?rest_route=\/wp\/v2\/posts"}],"about":[{"href":"https:\/\/www.ekimeissenheim.de\/index.php?rest_route=\/wp\/v2\/types\/post"}],"author":[{"embeddable":true,"href":"https:\/\/www.ekimeissenheim.de\/index.php?rest_route=\/wp\/v2\/users\/2"}],"replies":[{"embeddable":true,"href":"https:\/\/www.ekimeissenheim.de\/index.php?rest_route=%2Fwp%2Fv2%2Fcomments&post=3125"}],"version-history":[{"count":1,"href":"https:\/\/www.ekimeissenheim.de\/index.php?rest_route=\/wp\/v2\/posts\/3125\/revisions"}],"predecessor-version":[{"id":3130,"href":"https:\/\/www.ekimeissenheim.de\/index.php?rest_route=\/wp\/v2\/posts\/3125\/revisions\/3130"}],"wp:attachment":[{"href":"https:\/\/www.ekimeissenheim.de\/index.php?rest_route=%2Fwp%2Fv2%2Fmedia&parent=3125"}],"wp:term":[{"taxonomy":"category","embeddable":true,"href":"https:\/\/www.ekimeissenheim.de\/index.php?rest_route=%2Fwp%2Fv2%2Fcategories&post=3125"},{"taxonomy":"post_tag","embeddable":true,"href":"https:\/\/www.ekimeissenheim.de\/index.php?rest_route=%2Fwp%2Fv2%2Ftags&post=3125"}],"curies":[{"name":"wp","href":"https:\/\/api.w.org\/{rel}","templated":true}]}}