{"id":2930,"date":"2014-07-03T22:59:06","date_gmt":"2014-07-03T20:59:06","guid":{"rendered":"http:\/\/www.ekimeissenheim.de\/?p=2930"},"modified":"2014-07-03T23:01:31","modified_gmt":"2014-07-03T21:01:31","slug":"kindergarten-kunterbunt-kuerzell-tag-der-offenen-tuer","status":"publish","type":"post","link":"https:\/\/www.ekimeissenheim.de\/?p=2930","title":{"rendered":"Kindergarten Kunterbunt K\u00fcrzell &#8211; Tag der offenen T\u00fcr"},"content":{"rendered":"<p><strong>Erfolgreicher Tag der offenen T\u00fcr im Kindergarten Kunterbunt<\/strong><br \/>\nDas Kindergartenteam und die Kinder des Kindergartens bedanken sich bei allen Besuchern die zu unserem Tag der offenen T\u00fcr in den Kindergarten gekommen sind.<br \/>\nEin besonderer Dank geht an den Elternbeirat f\u00fcr die Organisation vor und an diesem besonderen Tag. Auch ein Dankesch\u00f6n an alle Eltern die uns an diesem Tag unterst\u00fctzt haben. Sei es durch Kuchenspenden oder den Dienst im Ausschank.<br \/>\nWir, als Kindergartenteam sind sehr gl\u00fccklich \u00fcber die zahlreichen Besucher an diesem Tag und haben uns \u00fcber die vielen Unterschriften auf unserer G\u00e4stetafel gefreut (im Hintergrund zu sehen).<a href=\"http:\/\/www.ekimeissenheim.de\/wp-content\/uploads\/Gruppenfoto-Kinder.jpg\"><img loading=\"lazy\" decoding=\"async\" class=\"wp-image-2931 size-full\" src=\"http:\/\/www.ekimeissenheim.de\/wp-content\/uploads\/Gruppenfoto-Kinder.jpg\" alt=\"Gruppenfoto der Kinder vor der G\u00e4stewand\" width=\"640\" height=\"402\" srcset=\"https:\/\/www.ekimeissenheim.de\/wp-content\/uploads\/Gruppenfoto-Kinder.jpg 640w, https:\/\/www.ekimeissenheim.de\/wp-content\/uploads\/Gruppenfoto-Kinder-300x188.jpg 300w\" sizes=\"auto, (max-width: 640px) 100vw, 640px\" \/><\/a><\/p>\n<p>Gruppenfoto der Kinder vor der G\u00e4stewand<\/p>\n<p>Eine besondere Freude war auch, dass man schon etwas von der Erneuerung der Au\u00dfenanlage erkennen konnte. Ein neues Spielger\u00e4t war schon aufgebaut, weitere werden kommen.<br \/>\n<a href=\"http:\/\/www.ekimeissenheim.de\/wp-content\/uploads\/beim-Durchschneiden-der-Absperrung.jpg\"><img loading=\"lazy\" decoding=\"async\" class=\"alignleft size-medium wp-image-2934\" src=\"http:\/\/www.ekimeissenheim.de\/wp-content\/uploads\/beim-Durchschneiden-der-Absperrung-300x199.jpg\" alt=\"beim Durchschneiden der Absperrung\" width=\"300\" height=\"199\" srcset=\"https:\/\/www.ekimeissenheim.de\/wp-content\/uploads\/beim-Durchschneiden-der-Absperrung-300x199.jpg 300w, https:\/\/www.ekimeissenheim.de\/wp-content\/uploads\/beim-Durchschneiden-der-Absperrung.jpg 800w\" sizes=\"auto, (max-width: 300px) 100vw, 300px\" \/><\/a> <a href=\"http:\/\/www.ekimeissenheim.de\/wp-content\/uploads\/Kinder-und-Erzieherinnen-vor-der-neuen-Schaukel.jpg\"><img loading=\"lazy\" decoding=\"async\" class=\"alignleft size-medium wp-image-2935\" src=\"http:\/\/www.ekimeissenheim.de\/wp-content\/uploads\/Kinder-und-Erzieherinnen-vor-der-neuen-Schaukel-300x199.jpg\" alt=\"Kinder und Erzieherinnen vor der neuen Schaukel\" width=\"300\" height=\"199\" srcset=\"https:\/\/www.ekimeissenheim.de\/wp-content\/uploads\/Kinder-und-Erzieherinnen-vor-der-neuen-Schaukel-300x199.jpg 300w, https:\/\/www.ekimeissenheim.de\/wp-content\/uploads\/Kinder-und-Erzieherinnen-vor-der-neuen-Schaukel.jpg 800w\" sizes=\"auto, (max-width: 300px) 100vw, 300px\" \/><\/a><\/p>\n","protected":false},"excerpt":{"rendered":"<p>Erfolgreicher Tag der offenen T\u00fcr im Kindergarten Kunterbunt Das Kindergartenteam und die Kinder des Kindergartens bedanken sich bei allen Besuchern die zu unserem Tag der offenen T\u00fcr in den Kindergarten gekommen sind. Ein besonderer Dank geht an den Elternbeirat f\u00fcr &hellip; <a href=\"https:\/\/www.ekimeissenheim.de\/?p=2930\">Weiterlesen <span class=\"meta-nav\">&rarr;<\/span><\/a><\/p>\n","protected":false},"author":2,"featured_media":0,"comment_status":"open","ping_status":"open","sticky":false,"template":"","format":"standard","meta":{"ngg_post_thumbnail":0,"footnotes":""},"categories":[1],"tags":[],"class_list":["post-2930","post","type-post","status-publish","format-standard","hentry","category-allgemein"],"_links":{"self":[{"href":"https:\/\/www.ekimeissenheim.de\/index.php?rest_route=\/wp\/v2\/posts\/2930","targetHints":{"allow":["GET"]}}],"collection":[{"href":"https:\/\/www.ekimeissenheim.de\/index.php?rest_route=\/wp\/v2\/posts"}],"about":[{"href":"https:\/\/www.ekimeissenheim.de\/index.php?rest_route=\/wp\/v2\/types\/post"}],"author":[{"embeddable":true,"href":"https:\/\/www.ekimeissenheim.de\/index.php?rest_route=\/wp\/v2\/users\/2"}],"replies":[{"embeddable":true,"href":"https:\/\/www.ekimeissenheim.de\/index.php?rest_route=%2Fwp%2Fv2%2Fcomments&post=2930"}],"version-history":[{"count":3,"href":"https:\/\/www.ekimeissenheim.de\/index.php?rest_route=\/wp\/v2\/posts\/2930\/revisions"}],"predecessor-version":[{"id":2936,"href":"https:\/\/www.ekimeissenheim.de\/index.php?rest_route=\/wp\/v2\/posts\/2930\/revisions\/2936"}],"wp:attachment":[{"href":"https:\/\/www.ekimeissenheim.de\/index.php?rest_route=%2Fwp%2Fv2%2Fmedia&parent=2930"}],"wp:term":[{"taxonomy":"category","embeddable":true,"href":"https:\/\/www.ekimeissenheim.de\/index.php?rest_route=%2Fwp%2Fv2%2Fcategories&post=2930"},{"taxonomy":"post_tag","embeddable":true,"href":"https:\/\/www.ekimeissenheim.de\/index.php?rest_route=%2Fwp%2Fv2%2Ftags&post=2930"}],"curies":[{"name":"wp","href":"https:\/\/api.w.org\/{rel}","templated":true}]}}