{"id":2915,"date":"2014-06-06T15:39:41","date_gmt":"2014-06-06T13:39:41","guid":{"rendered":"http:\/\/www.ekimeissenheim.de\/?p=2915"},"modified":"2014-06-06T15:39:41","modified_gmt":"2014-06-06T13:39:41","slug":"konfirmandendankopfer-2014-uebergeben","status":"publish","type":"post","link":"https:\/\/www.ekimeissenheim.de\/?p=2915","title":{"rendered":"Konfirmandendankopfer 2014 \u00fcbergeben"},"content":{"rendered":"<p>Die Konfirmandinnen und Konfirmanden aus Mei\u00dfenheim und K\u00fcrzell haben anl\u00e4sslich ihrer Konfirmation am 4. Mai ihr sogenanntes &#8222;Konfirmandendankopfer&#8220; eingesammelt.<\/p>\n<p>25 Euro gingen an die eigene Gemeinde<br \/>\n50 Euro gingen an das &#8222;Haus des Lebens&#8220; in Offenburg<br \/>\n950 Euro wurden f\u00fcr das s\u00fcdafrikanische Kinderheim &#8222;lily of the valley&#8220; bestimmt. Stefanie Adler, die Nichte von Pfarrer Heinz Adler war nach dem Abitur f\u00fcr ein Jahr in diesem Kinderheim und in ihrem Praxissemester verbrachte sie w\u00e4hrend des Studiums noch einmal ein viertel Jahr bei den Kindern in S\u00fcdafrika. Im Konfirmandenunterricht erz\u00e4hlte sie von ihren Erfahrungen und den Lebensschicksalen der Kinder und zeigte beeindruckende Bilder \u00fcber das Kinderheim.<br \/>\nEine kleine Abordnung der Konfirmanden \u00fcberreichte nun Stefanie Adler den Geldbetrag in H\u00f6he von 950 Euro.<br \/>\n&#8222;Davon sollen vor allem Kinderb\u00fccher angeschafft werden&#8220;, so berichtete Stefanie Adler und freute sich \u00fcber die gro\u00dfz\u00fcgige Spende der Jugendlichen.<br \/>\n<a href=\"http:\/\/www.ekimeissenheim.de\/wp-content\/uploads\/Konfirmandendankopfer-2014.jpg\"><img loading=\"lazy\" decoding=\"async\" class=\"alignleft size-medium wp-image-2916\" src=\"http:\/\/www.ekimeissenheim.de\/wp-content\/uploads\/Konfirmandendankopfer-2014-300x225.jpg\" alt=\"Konfirmandendankopfer 2014\" width=\"300\" height=\"225\" srcset=\"https:\/\/www.ekimeissenheim.de\/wp-content\/uploads\/Konfirmandendankopfer-2014-300x225.jpg 300w, https:\/\/www.ekimeissenheim.de\/wp-content\/uploads\/Konfirmandendankopfer-2014.jpg 1000w\" sizes=\"auto, (max-width: 300px) 100vw, 300px\" \/><\/a><\/p>\n<p>Bild (vlnr): Stefanie Adler, Alisa Kern, Lena Treptow, Lea Reichenbach, Kim Schr\u00f6der, Jonas Fischer<\/p>\n","protected":false},"excerpt":{"rendered":"<p>Die Konfirmandinnen und Konfirmanden aus Mei\u00dfenheim und K\u00fcrzell haben anl\u00e4sslich ihrer Konfirmation am 4. Mai ihr sogenanntes &#8222;Konfirmandendankopfer&#8220; eingesammelt. 25 Euro gingen an die eigene Gemeinde 50 Euro gingen an das &#8222;Haus des Lebens&#8220; in Offenburg 950 Euro wurden f\u00fcr &hellip; <a href=\"https:\/\/www.ekimeissenheim.de\/?p=2915\">Weiterlesen <span class=\"meta-nav\">&rarr;<\/span><\/a><\/p>\n","protected":false},"author":2,"featured_media":0,"comment_status":"open","ping_status":"open","sticky":false,"template":"","format":"standard","meta":{"ngg_post_thumbnail":0,"footnotes":""},"categories":[1],"tags":[],"class_list":["post-2915","post","type-post","status-publish","format-standard","hentry","category-allgemein"],"_links":{"self":[{"href":"https:\/\/www.ekimeissenheim.de\/index.php?rest_route=\/wp\/v2\/posts\/2915","targetHints":{"allow":["GET"]}}],"collection":[{"href":"https:\/\/www.ekimeissenheim.de\/index.php?rest_route=\/wp\/v2\/posts"}],"about":[{"href":"https:\/\/www.ekimeissenheim.de\/index.php?rest_route=\/wp\/v2\/types\/post"}],"author":[{"embeddable":true,"href":"https:\/\/www.ekimeissenheim.de\/index.php?rest_route=\/wp\/v2\/users\/2"}],"replies":[{"embeddable":true,"href":"https:\/\/www.ekimeissenheim.de\/index.php?rest_route=%2Fwp%2Fv2%2Fcomments&post=2915"}],"version-history":[{"count":1,"href":"https:\/\/www.ekimeissenheim.de\/index.php?rest_route=\/wp\/v2\/posts\/2915\/revisions"}],"predecessor-version":[{"id":2917,"href":"https:\/\/www.ekimeissenheim.de\/index.php?rest_route=\/wp\/v2\/posts\/2915\/revisions\/2917"}],"wp:attachment":[{"href":"https:\/\/www.ekimeissenheim.de\/index.php?rest_route=%2Fwp%2Fv2%2Fmedia&parent=2915"}],"wp:term":[{"taxonomy":"category","embeddable":true,"href":"https:\/\/www.ekimeissenheim.de\/index.php?rest_route=%2Fwp%2Fv2%2Fcategories&post=2915"},{"taxonomy":"post_tag","embeddable":true,"href":"https:\/\/www.ekimeissenheim.de\/index.php?rest_route=%2Fwp%2Fv2%2Ftags&post=2915"}],"curies":[{"name":"wp","href":"https:\/\/api.w.org\/{rel}","templated":true}]}}