{"id":2890,"date":"2014-06-02T23:05:30","date_gmt":"2014-06-02T21:05:30","guid":{"rendered":"http:\/\/www.ekimeissenheim.de\/?p=2890"},"modified":"2014-06-02T23:05:30","modified_gmt":"2014-06-02T21:05:30","slug":"himmelfahrtsgottesdienst-im-pfarrgarten","status":"publish","type":"post","link":"https:\/\/www.ekimeissenheim.de\/?p=2890","title":{"rendered":"Himmelfahrtsgottesdienst im Pfarrgarten"},"content":{"rendered":"<p>Immer an Himmelfahrt feiern die beiden Gemeinden K\u00fcrzell und Mei\u00dfenheim ihren Himmelfahrtsgottesdienst im Pfarrgarten in Mei\u00dfenheim. Mitwirkend waren der Kirchenchor mit Susanne Mo\u00dfmann und der Posaunenchor mit G\u00fcnter W\u00e4ldin. Eine gro\u00dfe Schar Gemeindeglieder fand sich zum Gottesdienst zusammen und auch danach zum gem\u00fctlichen Umtrunk. Hier ein paar Eindr\u00fccke:<\/p>\n<div id='gallery-1' class='gallery galleryid-2890 gallery-columns-3 gallery-size-thumbnail'><dl class='gallery-item'>\n\t\t\t<dt class='gallery-icon landscape'>\n\t\t\t\t<a href='https:\/\/www.ekimeissenheim.de\/?attachment_id=2894'><img loading=\"lazy\" decoding=\"async\" width=\"150\" height=\"150\" src=\"https:\/\/www.ekimeissenheim.de\/wp-content\/uploads\/Gottesdienst-war-gut-besucht1-150x150.jpg\" class=\"attachment-thumbnail size-thumbnail\" alt=\"\" aria-describedby=\"gallery-1-2894\" \/><\/a>\n\t\t\t<\/dt>\n\t\t\t\t<dd class='wp-caption-text gallery-caption' id='gallery-1-2894'>\n\t\t\t\tGottesdienst war gut besucht\n\t\t\t\t<\/dd><\/dl><dl class='gallery-item'>\n\t\t\t<dt class='gallery-icon landscape'>\n\t\t\t\t<a href='https:\/\/www.ekimeissenheim.de\/?attachment_id=2895'><img loading=\"lazy\" decoding=\"async\" width=\"150\" height=\"150\" src=\"https:\/\/www.ekimeissenheim.de\/wp-content\/uploads\/Schattenplatz-150x150.jpg\" class=\"attachment-thumbnail size-thumbnail\" alt=\"\" aria-describedby=\"gallery-1-2895\" \/><\/a>\n\t\t\t<\/dt>\n\t\t\t\t<dd class='wp-caption-text gallery-caption' id='gallery-1-2895'>\n\t\t\t\tSchattenplatz\n\t\t\t\t<\/dd><\/dl>\n\t\t\t<br style='clear: both' \/>\n\t\t<\/div>\n\n","protected":false},"excerpt":{"rendered":"<p>Immer an Himmelfahrt feiern die beiden Gemeinden K\u00fcrzell und Mei\u00dfenheim ihren Himmelfahrtsgottesdienst im Pfarrgarten in Mei\u00dfenheim. Mitwirkend waren der Kirchenchor mit Susanne Mo\u00dfmann und der Posaunenchor mit G\u00fcnter W\u00e4ldin. Eine gro\u00dfe Schar Gemeindeglieder fand sich zum Gottesdienst zusammen und auch &hellip; <a href=\"https:\/\/www.ekimeissenheim.de\/?p=2890\">Weiterlesen <span class=\"meta-nav\">&rarr;<\/span><\/a><\/p>\n","protected":false},"author":2,"featured_media":0,"comment_status":"open","ping_status":"open","sticky":false,"template":"","format":"standard","meta":{"ngg_post_thumbnail":0,"footnotes":""},"categories":[1],"tags":[],"class_list":["post-2890","post","type-post","status-publish","format-standard","hentry","category-allgemein"],"_links":{"self":[{"href":"https:\/\/www.ekimeissenheim.de\/index.php?rest_route=\/wp\/v2\/posts\/2890","targetHints":{"allow":["GET"]}}],"collection":[{"href":"https:\/\/www.ekimeissenheim.de\/index.php?rest_route=\/wp\/v2\/posts"}],"about":[{"href":"https:\/\/www.ekimeissenheim.de\/index.php?rest_route=\/wp\/v2\/types\/post"}],"author":[{"embeddable":true,"href":"https:\/\/www.ekimeissenheim.de\/index.php?rest_route=\/wp\/v2\/users\/2"}],"replies":[{"embeddable":true,"href":"https:\/\/www.ekimeissenheim.de\/index.php?rest_route=%2Fwp%2Fv2%2Fcomments&post=2890"}],"version-history":[{"count":1,"href":"https:\/\/www.ekimeissenheim.de\/index.php?rest_route=\/wp\/v2\/posts\/2890\/revisions"}],"predecessor-version":[{"id":2897,"href":"https:\/\/www.ekimeissenheim.de\/index.php?rest_route=\/wp\/v2\/posts\/2890\/revisions\/2897"}],"wp:attachment":[{"href":"https:\/\/www.ekimeissenheim.de\/index.php?rest_route=%2Fwp%2Fv2%2Fmedia&parent=2890"}],"wp:term":[{"taxonomy":"category","embeddable":true,"href":"https:\/\/www.ekimeissenheim.de\/index.php?rest_route=%2Fwp%2Fv2%2Fcategories&post=2890"},{"taxonomy":"post_tag","embeddable":true,"href":"https:\/\/www.ekimeissenheim.de\/index.php?rest_route=%2Fwp%2Fv2%2Ftags&post=2890"}],"curies":[{"name":"wp","href":"https:\/\/api.w.org\/{rel}","templated":true}]}}