{"id":2851,"date":"2014-05-06T12:27:07","date_gmt":"2014-05-06T10:27:07","guid":{"rendered":"http:\/\/www.ekimeissenheim.de\/?p=2851"},"modified":"2014-05-07T16:12:58","modified_gmt":"2014-05-07T14:12:58","slug":"jubelkonfirmation-in-kuerzell","status":"publish","type":"post","link":"https:\/\/www.ekimeissenheim.de\/?p=2851","title":{"rendered":"Jubelkonfirmation in K\u00fcrzell"},"content":{"rendered":"<p>Am 4. Mai begingen die K\u00fcrzeller &#8222;Goldenen Konfirmanden&#8220; ihren Gedenkgottesdienst. Winfried B\u00f6ttler, selbst Jubelkonfirmand, leitete den Gottesdienst. Es war f\u00fcr alle ein beeindruckender Tag, an den sicher alle sich noch gerne zur\u00fcckerinnern werden.<br \/>\nHier eine Aufnahme der Jubelkonfirmanden vor der Kirche in K\u00fcrzell.<br \/>\nMit auf dem Bild ist Frau Bender, die Ehefrau von Pfarrer Bender, der die Konfirmanden vor 50 Jahren eingesegnet hat.<br \/>\nObere Reihe v.l.n.r: Winfried B\u00f6ttler &#8211; Dortohea B\u00f6ttler-Asselmann &#8211; Werner Krenkel &#8211; Hans Peter Schneckenb\u00fchl &#8211; Werner Grafm\u00fcller.<br \/>\nuntere Reihe v.l.n.r: Edith Wurth geb. Maurer &#8211; Frau Bender &#8211; Astrid Berlik geb. Wagner &#8211; Hans-Dieter Schiller &#8211; Ernst Feindel.<br \/>\n<a href=\"http:\/\/www.ekimeissenheim.de\/wp-content\/uploads\/Jubelkonfirmanden-K\u00fcrzell-4.5.2014.jpg\"><img loading=\"lazy\" decoding=\"async\" class=\"alignleft wp-image-2852 size-full\" src=\"http:\/\/www.ekimeissenheim.de\/wp-content\/uploads\/Jubelkonfirmanden-K\u00fcrzell-4.5.2014.jpg\" alt=\"Jubelkonfirmanden K\u00fcrzell 4.5.2014\" width=\"800\" height=\"533\" \/><\/a><\/p>\n","protected":false},"excerpt":{"rendered":"<p>Am 4. Mai begingen die K\u00fcrzeller &#8222;Goldenen Konfirmanden&#8220; ihren Gedenkgottesdienst. Winfried B\u00f6ttler, selbst Jubelkonfirmand, leitete den Gottesdienst. Es war f\u00fcr alle ein beeindruckender Tag, an den sicher alle sich noch gerne zur\u00fcckerinnern werden. Hier eine Aufnahme der Jubelkonfirmanden vor der &hellip; <a href=\"https:\/\/www.ekimeissenheim.de\/?p=2851\">Weiterlesen <span class=\"meta-nav\">&rarr;<\/span><\/a><\/p>\n","protected":false},"author":2,"featured_media":0,"comment_status":"open","ping_status":"open","sticky":false,"template":"","format":"standard","meta":{"ngg_post_thumbnail":0,"footnotes":""},"categories":[1],"tags":[],"class_list":["post-2851","post","type-post","status-publish","format-standard","hentry","category-allgemein"],"_links":{"self":[{"href":"https:\/\/www.ekimeissenheim.de\/index.php?rest_route=\/wp\/v2\/posts\/2851","targetHints":{"allow":["GET"]}}],"collection":[{"href":"https:\/\/www.ekimeissenheim.de\/index.php?rest_route=\/wp\/v2\/posts"}],"about":[{"href":"https:\/\/www.ekimeissenheim.de\/index.php?rest_route=\/wp\/v2\/types\/post"}],"author":[{"embeddable":true,"href":"https:\/\/www.ekimeissenheim.de\/index.php?rest_route=\/wp\/v2\/users\/2"}],"replies":[{"embeddable":true,"href":"https:\/\/www.ekimeissenheim.de\/index.php?rest_route=%2Fwp%2Fv2%2Fcomments&post=2851"}],"version-history":[{"count":3,"href":"https:\/\/www.ekimeissenheim.de\/index.php?rest_route=\/wp\/v2\/posts\/2851\/revisions"}],"predecessor-version":[{"id":2871,"href":"https:\/\/www.ekimeissenheim.de\/index.php?rest_route=\/wp\/v2\/posts\/2851\/revisions\/2871"}],"wp:attachment":[{"href":"https:\/\/www.ekimeissenheim.de\/index.php?rest_route=%2Fwp%2Fv2%2Fmedia&parent=2851"}],"wp:term":[{"taxonomy":"category","embeddable":true,"href":"https:\/\/www.ekimeissenheim.de\/index.php?rest_route=%2Fwp%2Fv2%2Fcategories&post=2851"},{"taxonomy":"post_tag","embeddable":true,"href":"https:\/\/www.ekimeissenheim.de\/index.php?rest_route=%2Fwp%2Fv2%2Ftags&post=2851"}],"curies":[{"name":"wp","href":"https:\/\/api.w.org\/{rel}","templated":true}]}}