{"id":2843,"date":"2014-04-30T16:13:19","date_gmt":"2014-04-30T14:13:19","guid":{"rendered":"http:\/\/www.ekimeissenheim.de\/?p=2843"},"modified":"2014-04-30T16:14:21","modified_gmt":"2014-04-30T14:14:21","slug":"konfirmation-in-meissenheim-am-sonntag-4-mai","status":"publish","type":"post","link":"https:\/\/www.ekimeissenheim.de\/?p=2843","title":{"rendered":"Konfirmation in Mei\u00dfenheim am Sonntag 4. Mai"},"content":{"rendered":"<p>18 Jugendliche werden in Mei\u00dfenheim am Sonntag Miserikordias Domini konfirmiert<br \/>\nDer Gottesdienst wird mitgestaltet durch den Posaunenchor Mei\u00dfenheim unter der Leitung von G\u00fcnter W\u00e4ldin.<br \/>\n<a href=\"http:\/\/www.ekimeissenheim.de\/wp-content\/uploads\/Konfirmandengruppe-2013-2014.jpg\"><img loading=\"lazy\" decoding=\"async\" class=\"alignleft wp-image-2844 size-full\" src=\"http:\/\/www.ekimeissenheim.de\/wp-content\/uploads\/Konfirmandengruppe-2013-2014.jpg\" alt=\"Konfirmandengruppe 2013-2014\" width=\"800\" height=\"600\" srcset=\"https:\/\/www.ekimeissenheim.de\/wp-content\/uploads\/Konfirmandengruppe-2013-2014.jpg 800w, https:\/\/www.ekimeissenheim.de\/wp-content\/uploads\/Konfirmandengruppe-2013-2014-300x225.jpg 300w\" sizes=\"auto, (max-width: 800px) 100vw, 800px\" \/><\/a><\/p>\n<p>&nbsp;<\/p>\n<table width=\"100%\">\n<tbody>\n<tr>\n<td width=\"30%\"><strong>Elsing<\/strong><\/td>\n<td width=\"30%\"><strong>Aaron<\/strong><\/td>\n<td width=\"38%\"><strong>J-A-Silbermann 2<\/strong><\/td>\n<\/tr>\n<tr>\n<td width=\"30%\"><strong>Fischer<\/strong><\/td>\n<td width=\"30%\"><strong>Jonas<\/strong><\/td>\n<td width=\"38%\"><strong>Rathausstr. 6<\/strong><\/td>\n<\/tr>\n<tr>\n<td width=\"30%\"><strong>Hug<\/strong><\/td>\n<td width=\"30%\"><strong>Tim<\/strong><\/td>\n<td width=\"38%\"><strong>Oberdorfstr. 28<\/strong><\/td>\n<\/tr>\n<tr>\n<td width=\"30%\"><strong>Kern<\/strong><\/td>\n<td width=\"30%\"><strong>Alisa<\/strong><\/td>\n<td width=\"38%\"><strong>Hauptstr. 6a<\/strong><\/td>\n<\/tr>\n<tr>\n<td width=\"30%\"><strong>Kremser<\/strong><\/td>\n<td width=\"30%\"><strong>Kim Luisa<\/strong><\/td>\n<td width=\"38%\"><strong>\u00c4lterstr. 26<\/strong><\/td>\n<\/tr>\n<tr>\n<td width=\"30%\"><strong>Lederer<\/strong><\/td>\n<td width=\"30%\"><strong>John<\/strong><\/td>\n<td width=\"38%\"><strong>Hirtenstr. 7<\/strong><\/td>\n<\/tr>\n<tr>\n<td width=\"30%\"><strong>Lorenz<\/strong><\/td>\n<td width=\"30%\"><strong>Vanessa<\/strong><\/td>\n<td width=\"38%\"><strong>Hinter der M\u00fchle 13<\/strong><\/td>\n<\/tr>\n<tr>\n<td width=\"30%\"><strong>Munding<\/strong><\/td>\n<td width=\"30%\"><strong>Tobias<\/strong><\/td>\n<td width=\"38%\"><strong>Rathausstr. 4<\/strong><\/td>\n<\/tr>\n<tr>\n<td width=\"30%\"><strong>Reichenbach<\/strong><\/td>\n<td width=\"30%\"><strong>Lea<\/strong><\/td>\n<td width=\"38%\"><strong>J-S-Bach 24<\/strong><\/td>\n<\/tr>\n<tr>\n<td width=\"30%\"><strong>Roth<\/strong><\/td>\n<td width=\"30%\"><strong>Felix<\/strong><\/td>\n<td width=\"38%\"><strong>Binzenweg 7<\/strong><\/td>\n<\/tr>\n<tr>\n<td width=\"30%\"><strong>Santo<\/strong><\/td>\n<td width=\"30%\"><strong>Paul<\/strong><\/td>\n<td width=\"38%\"><strong>Lahrerstr. 16<\/strong><\/td>\n<\/tr>\n<tr>\n<td width=\"30%\"><strong>Schr\u00f6der<\/strong><\/td>\n<td width=\"30%\"><strong>Kim<\/strong><\/td>\n<td width=\"38%\"><strong>Winkelstr. 3<\/strong><\/td>\n<\/tr>\n<tr>\n<td width=\"30%\"><strong>Schr\u00f6der<\/strong><\/td>\n<td width=\"30%\"><strong>Johannes<\/strong><\/td>\n<td width=\"38%\"><strong>Kirchstr. 15<\/strong><\/td>\n<\/tr>\n<tr>\n<td width=\"30%\"><strong>Schwarz<\/strong><\/td>\n<td width=\"30%\"><strong>Luca Jan<\/strong><\/td>\n<td width=\"38%\"><strong>Am M\u00fchlbach 4<\/strong><\/td>\n<\/tr>\n<tr>\n<td width=\"30%\"><strong>Treptow<\/strong><\/td>\n<td width=\"30%\"><strong>Lena<\/strong><\/td>\n<td width=\"38%\"><strong>J-A-Silbermann 24<\/strong><\/td>\n<\/tr>\n<tr>\n<td width=\"30%\"><strong>W\u00e4ldin<\/strong><\/td>\n<td width=\"30%\"><strong>Pierre<\/strong><\/td>\n<td width=\"38%\"><strong>M\u00fchlstr. 22<\/strong><\/td>\n<\/tr>\n<tr>\n<td width=\"30%\"><strong>Wei\u00df<\/strong><\/td>\n<td width=\"30%\"><strong>Pascal<\/strong><\/td>\n<td width=\"38%\"><strong>A-Schweitzer 10<\/strong><\/td>\n<\/tr>\n<tr>\n<td width=\"30%\"><strong>Wilhelm<\/strong><\/td>\n<td width=\"30%\"><strong>Tim David<\/strong><\/td>\n<td width=\"38%\"><strong>Hirtenstr. 17<\/strong><\/td>\n<\/tr>\n<\/tbody>\n<\/table>\n","protected":false},"excerpt":{"rendered":"<p>18 Jugendliche werden in Mei\u00dfenheim am Sonntag Miserikordias Domini konfirmiert Der Gottesdienst wird mitgestaltet durch den Posaunenchor Mei\u00dfenheim unter der Leitung von G\u00fcnter W\u00e4ldin. &nbsp; Elsing Aaron J-A-Silbermann 2 Fischer Jonas Rathausstr. 6 Hug Tim Oberdorfstr. 28 Kern Alisa Hauptstr. &hellip; <a href=\"https:\/\/www.ekimeissenheim.de\/?p=2843\">Weiterlesen <span class=\"meta-nav\">&rarr;<\/span><\/a><\/p>\n","protected":false},"author":2,"featured_media":0,"comment_status":"open","ping_status":"open","sticky":false,"template":"","format":"standard","meta":{"ngg_post_thumbnail":0,"footnotes":""},"categories":[1],"tags":[],"class_list":["post-2843","post","type-post","status-publish","format-standard","hentry","category-allgemein"],"_links":{"self":[{"href":"https:\/\/www.ekimeissenheim.de\/index.php?rest_route=\/wp\/v2\/posts\/2843","targetHints":{"allow":["GET"]}}],"collection":[{"href":"https:\/\/www.ekimeissenheim.de\/index.php?rest_route=\/wp\/v2\/posts"}],"about":[{"href":"https:\/\/www.ekimeissenheim.de\/index.php?rest_route=\/wp\/v2\/types\/post"}],"author":[{"embeddable":true,"href":"https:\/\/www.ekimeissenheim.de\/index.php?rest_route=\/wp\/v2\/users\/2"}],"replies":[{"embeddable":true,"href":"https:\/\/www.ekimeissenheim.de\/index.php?rest_route=%2Fwp%2Fv2%2Fcomments&post=2843"}],"version-history":[{"count":2,"href":"https:\/\/www.ekimeissenheim.de\/index.php?rest_route=\/wp\/v2\/posts\/2843\/revisions"}],"predecessor-version":[{"id":2846,"href":"https:\/\/www.ekimeissenheim.de\/index.php?rest_route=\/wp\/v2\/posts\/2843\/revisions\/2846"}],"wp:attachment":[{"href":"https:\/\/www.ekimeissenheim.de\/index.php?rest_route=%2Fwp%2Fv2%2Fmedia&parent=2843"}],"wp:term":[{"taxonomy":"category","embeddable":true,"href":"https:\/\/www.ekimeissenheim.de\/index.php?rest_route=%2Fwp%2Fv2%2Fcategories&post=2843"},{"taxonomy":"post_tag","embeddable":true,"href":"https:\/\/www.ekimeissenheim.de\/index.php?rest_route=%2Fwp%2Fv2%2Ftags&post=2843"}],"curies":[{"name":"wp","href":"https:\/\/api.w.org\/{rel}","templated":true}]}}