{"id":2840,"date":"2014-04-28T10:37:39","date_gmt":"2014-04-28T08:37:39","guid":{"rendered":"http:\/\/www.ekimeissenheim.de\/?p=2840"},"modified":"2014-04-28T10:37:39","modified_gmt":"2014-04-28T08:37:39","slug":"kirchenkonzert-des-musikvereins-meissenheim","status":"publish","type":"post","link":"https:\/\/www.ekimeissenheim.de\/?p=2840","title":{"rendered":"Kirchenkonzert des Musikvereins Mei\u00dfenheim"},"content":{"rendered":"<p>Ein absolut beeindruckendes Kirchenkonzert des Musikvereins Mei\u00dfenheim konnte am Sonntag, 27. April erlebt werden.<br \/>\nDie vielen Zuh\u00f6rer dankten den Musikerinnen und den Musikern mit stehendem Applaus. Auf sehr hohem Niveau waren die Beitr\u00e4ge alle und was wieder einmal beeindruckt hat, war die Auswahl der St\u00fccke durch den Dirigenten Thomas Huber. Mit gro\u00dfem Feingef\u00fchl w\u00e4hlte er musikalische Leckerbissen, die dem Ort der Auff\u00fchrung angemessen sind.<br \/>\n<a href=\"http:\/\/www.ekimeissenheim.de\/wp-content\/uploads\/Kirchenkonzert-MV-Mei\u00dfenheim-27.4.2014.jpg\"><img loading=\"lazy\" decoding=\"async\" class=\"alignleft  wp-image-2841\" src=\"http:\/\/www.ekimeissenheim.de\/wp-content\/uploads\/Kirchenkonzert-MV-Mei\u00dfenheim-27.4.2014-300x225.jpg\" alt=\"Kirchenkonzert MV Mei\u00dfenheim 27.4.2014\" width=\"300\" height=\"227\" \/><\/a><\/p>\n","protected":false},"excerpt":{"rendered":"<p>Ein absolut beeindruckendes Kirchenkonzert des Musikvereins Mei\u00dfenheim konnte am Sonntag, 27. April erlebt werden. Die vielen Zuh\u00f6rer dankten den Musikerinnen und den Musikern mit stehendem Applaus. Auf sehr hohem Niveau waren die Beitr\u00e4ge alle und was wieder einmal beeindruckt hat, &hellip; <a href=\"https:\/\/www.ekimeissenheim.de\/?p=2840\">Weiterlesen <span class=\"meta-nav\">&rarr;<\/span><\/a><\/p>\n","protected":false},"author":2,"featured_media":0,"comment_status":"open","ping_status":"open","sticky":false,"template":"","format":"standard","meta":{"ngg_post_thumbnail":0,"footnotes":""},"categories":[1],"tags":[],"class_list":["post-2840","post","type-post","status-publish","format-standard","hentry","category-allgemein"],"_links":{"self":[{"href":"https:\/\/www.ekimeissenheim.de\/index.php?rest_route=\/wp\/v2\/posts\/2840","targetHints":{"allow":["GET"]}}],"collection":[{"href":"https:\/\/www.ekimeissenheim.de\/index.php?rest_route=\/wp\/v2\/posts"}],"about":[{"href":"https:\/\/www.ekimeissenheim.de\/index.php?rest_route=\/wp\/v2\/types\/post"}],"author":[{"embeddable":true,"href":"https:\/\/www.ekimeissenheim.de\/index.php?rest_route=\/wp\/v2\/users\/2"}],"replies":[{"embeddable":true,"href":"https:\/\/www.ekimeissenheim.de\/index.php?rest_route=%2Fwp%2Fv2%2Fcomments&post=2840"}],"version-history":[{"count":1,"href":"https:\/\/www.ekimeissenheim.de\/index.php?rest_route=\/wp\/v2\/posts\/2840\/revisions"}],"predecessor-version":[{"id":2842,"href":"https:\/\/www.ekimeissenheim.de\/index.php?rest_route=\/wp\/v2\/posts\/2840\/revisions\/2842"}],"wp:attachment":[{"href":"https:\/\/www.ekimeissenheim.de\/index.php?rest_route=%2Fwp%2Fv2%2Fmedia&parent=2840"}],"wp:term":[{"taxonomy":"category","embeddable":true,"href":"https:\/\/www.ekimeissenheim.de\/index.php?rest_route=%2Fwp%2Fv2%2Fcategories&post=2840"},{"taxonomy":"post_tag","embeddable":true,"href":"https:\/\/www.ekimeissenheim.de\/index.php?rest_route=%2Fwp%2Fv2%2Ftags&post=2840"}],"curies":[{"name":"wp","href":"https:\/\/api.w.org\/{rel}","templated":true}]}}