{"id":2809,"date":"2014-04-07T13:00:44","date_gmt":"2014-04-07T11:00:44","guid":{"rendered":"http:\/\/www.ekimeissenheim.de\/?p=2809"},"modified":"2014-04-07T13:00:44","modified_gmt":"2014-04-07T11:00:44","slug":"begegnung-von-musik-bildender-kunst-und-lyrik","status":"publish","type":"post","link":"https:\/\/www.ekimeissenheim.de\/?p=2809","title":{"rendered":"Begegnung von Musik, bildender Kunst und Lyrik"},"content":{"rendered":"<p>Wer nicht dabei war, hat etwas verpasst.<br \/>\nGut aufeinander abgestimmt waren die verschiedenen Musikbeitr\u00e4ge, die Silke T\u00e4ubert am Cello, der Kirchenchor Mei\u00dfenheim unter Susanne Mo\u00dfmann und der Fl\u00f6tenkreis der Melanchthongemeinde Lahr unter Brigitte T\u00e4ubert zu Geh\u00f6r brachten. Susanne Mo\u00dfmann spielte auch die Orgel und begleitete Silke T\u00e4ubert auf dem Klavier.<\/p>\n<p>Wie ein roter Faden zog sich das Gedicht &#8222;Stufen des Lebens&#8220; von Hermann Hesse durch die Veranstaltung, Maike T\u00e4uberts Acrylbilder waren in Farbe umgesetzte Impressionen dieses Gedichtes, dessen bekannteste Zeile lautet: Jedem Anfang wohnt ein Zauber inne, der uns besch\u00fctzt und der uns hilft zu leben.<\/p>\n<p>Die Akteure h\u00e4tten eine gr\u00f6\u00dfere H\u00f6rerschar verdient. Wer nicht dabei war, hat wirklich etwas verpasst.<br \/>\n<a href=\"http:\/\/www.ekimeissenheim.de\/wp-content\/uploads\/alle-Akteure.jpg\"><img loading=\"lazy\" decoding=\"async\" class=\"alignleft size-medium wp-image-2810\" alt=\"alle Akteure\" src=\"http:\/\/www.ekimeissenheim.de\/wp-content\/uploads\/alle-Akteure-300x225.jpg\" width=\"300\" height=\"225\" srcset=\"https:\/\/www.ekimeissenheim.de\/wp-content\/uploads\/alle-Akteure-300x225.jpg 300w, https:\/\/www.ekimeissenheim.de\/wp-content\/uploads\/alle-Akteure.jpg 800w\" sizes=\"auto, (max-width: 300px) 100vw, 300px\" \/><\/a> <a href=\"http:\/\/www.ekimeissenheim.de\/wp-content\/uploads\/Bild-von-Maike-T\u00e4ubert.jpg\"><img loading=\"lazy\" decoding=\"async\" class=\"alignleft size-medium wp-image-2811\" alt=\"Bild von Maike T\u00e4ubert\" src=\"http:\/\/www.ekimeissenheim.de\/wp-content\/uploads\/Bild-von-Maike-T\u00e4ubert-225x300.jpg\" width=\"225\" height=\"300\" \/><\/a> <a href=\"http:\/\/www.ekimeissenheim.de\/wp-content\/uploads\/Fl\u00f6tenkreis-Melanchthongemeinde-Lahr.jpg\"><img loading=\"lazy\" decoding=\"async\" class=\"alignleft size-medium wp-image-2812\" alt=\"Fl\u00f6tenkreis Melanchthongemeinde Lahr\" src=\"http:\/\/www.ekimeissenheim.de\/wp-content\/uploads\/Fl\u00f6tenkreis-Melanchthongemeinde-Lahr-300x225.jpg\" width=\"300\" height=\"225\" \/><\/a> <a href=\"http:\/\/www.ekimeissenheim.de\/wp-content\/uploads\/Silke-T\u00e4ubert-am-Cello.jpg\"><img loading=\"lazy\" decoding=\"async\" class=\"alignleft size-medium wp-image-2813\" alt=\"Silke T\u00e4ubert am Cello\" src=\"http:\/\/www.ekimeissenheim.de\/wp-content\/uploads\/Silke-T\u00e4ubert-am-Cello-300x225.jpg\" width=\"300\" height=\"225\" \/><\/a><\/p>\n","protected":false},"excerpt":{"rendered":"<p>Wer nicht dabei war, hat etwas verpasst. Gut aufeinander abgestimmt waren die verschiedenen Musikbeitr\u00e4ge, die Silke T\u00e4ubert am Cello, der Kirchenchor Mei\u00dfenheim unter Susanne Mo\u00dfmann und der Fl\u00f6tenkreis der Melanchthongemeinde Lahr unter Brigitte T\u00e4ubert zu Geh\u00f6r brachten. Susanne Mo\u00dfmann spielte &hellip; <a href=\"https:\/\/www.ekimeissenheim.de\/?p=2809\">Weiterlesen <span class=\"meta-nav\">&rarr;<\/span><\/a><\/p>\n","protected":false},"author":2,"featured_media":0,"comment_status":"open","ping_status":"open","sticky":false,"template":"","format":"standard","meta":{"ngg_post_thumbnail":0,"footnotes":""},"categories":[1],"tags":[],"class_list":["post-2809","post","type-post","status-publish","format-standard","hentry","category-allgemein"],"_links":{"self":[{"href":"https:\/\/www.ekimeissenheim.de\/index.php?rest_route=\/wp\/v2\/posts\/2809","targetHints":{"allow":["GET"]}}],"collection":[{"href":"https:\/\/www.ekimeissenheim.de\/index.php?rest_route=\/wp\/v2\/posts"}],"about":[{"href":"https:\/\/www.ekimeissenheim.de\/index.php?rest_route=\/wp\/v2\/types\/post"}],"author":[{"embeddable":true,"href":"https:\/\/www.ekimeissenheim.de\/index.php?rest_route=\/wp\/v2\/users\/2"}],"replies":[{"embeddable":true,"href":"https:\/\/www.ekimeissenheim.de\/index.php?rest_route=%2Fwp%2Fv2%2Fcomments&post=2809"}],"version-history":[{"count":1,"href":"https:\/\/www.ekimeissenheim.de\/index.php?rest_route=\/wp\/v2\/posts\/2809\/revisions"}],"predecessor-version":[{"id":2814,"href":"https:\/\/www.ekimeissenheim.de\/index.php?rest_route=\/wp\/v2\/posts\/2809\/revisions\/2814"}],"wp:attachment":[{"href":"https:\/\/www.ekimeissenheim.de\/index.php?rest_route=%2Fwp%2Fv2%2Fmedia&parent=2809"}],"wp:term":[{"taxonomy":"category","embeddable":true,"href":"https:\/\/www.ekimeissenheim.de\/index.php?rest_route=%2Fwp%2Fv2%2Fcategories&post=2809"},{"taxonomy":"post_tag","embeddable":true,"href":"https:\/\/www.ekimeissenheim.de\/index.php?rest_route=%2Fwp%2Fv2%2Ftags&post=2809"}],"curies":[{"name":"wp","href":"https:\/\/api.w.org\/{rel}","templated":true}]}}