{"id":2800,"date":"2014-04-01T22:29:53","date_gmt":"2014-04-01T20:29:53","guid":{"rendered":"http:\/\/www.ekimeissenheim.de\/?p=2800"},"modified":"2014-04-01T22:29:53","modified_gmt":"2014-04-01T20:29:53","slug":"familiengottesdienst-in-kuerzell-sturmstillung-jesu","status":"publish","type":"post","link":"https:\/\/www.ekimeissenheim.de\/?p=2800","title":{"rendered":"Familiengottesdienst in K\u00fcrzell &#8211; Sturmstillung Jesu"},"content":{"rendered":"<p>Am Sonntag L\u00e4tare, dem 30. M\u00e4rz fand in der Evangelischen Kirche in K\u00fcrzell ein Familiengottesdienst statt.Vorbereitet von den Erzieherinnen des K\u00fcrzeller Kindergartens und den Kindern wurde die Geschichte von der Sturmstillung Jesu erz\u00e4hlt und gespielt.<br \/>\nSehr eindrucksvoll sah man die J\u00fcnger im Boot rudern und als der Sturm aufkam konnte man ihnen ihre Angst vorm Untergehen f\u00f6rmlich absp\u00fcren. \u00c4u\u00dferst eindrucksvoll auch, wie Jesus (dargestellt von Annika, einem Kindergartenkind) den Sturm und die Wellen bedrohte und diese dann in Stille verharrten. Ein herzliches Dankesch\u00f6n an den Kindergarten Kunterbunt.<\/p>\n<div id=\"attachment_2801\" style=\"width: 310px\" class=\"wp-caption alignleft\"><a href=\"http:\/\/www.ekimeissenheim.de\/wp-content\/uploads\/die-J\u00fcnger-bei-der-\u00dcberfahrt.jpg\"><img loading=\"lazy\" decoding=\"async\" aria-describedby=\"caption-attachment-2801\" class=\"size-medium wp-image-2801\" alt=\"die J\u00fcnger bei der \u00dcberfahrt\" src=\"http:\/\/www.ekimeissenheim.de\/wp-content\/uploads\/die-J\u00fcnger-bei-der-\u00dcberfahrt-300x225.jpg\" width=\"300\" height=\"225\" \/><\/a><p id=\"caption-attachment-2801\" class=\"wp-caption-text\">die J\u00fcnger bei der \u00dcberfahrt<\/p><\/div>\n<div id=\"attachment_2802\" style=\"width: 310px\" class=\"wp-caption alignleft\"><a href=\"http:\/\/www.ekimeissenheim.de\/wp-content\/uploads\/begeistert-singen-die-Kinder.jpg\"><img loading=\"lazy\" decoding=\"async\" aria-describedby=\"caption-attachment-2802\" class=\"size-medium wp-image-2802\" alt=\"begeistert singen die Kinder\" src=\"http:\/\/www.ekimeissenheim.de\/wp-content\/uploads\/begeistert-singen-die-Kinder-300x225.jpg\" width=\"300\" height=\"225\" srcset=\"https:\/\/www.ekimeissenheim.de\/wp-content\/uploads\/begeistert-singen-die-Kinder-300x225.jpg 300w, https:\/\/www.ekimeissenheim.de\/wp-content\/uploads\/begeistert-singen-die-Kinder.jpg 800w\" sizes=\"auto, (max-width: 300px) 100vw, 300px\" \/><\/a><p id=\"caption-attachment-2802\" class=\"wp-caption-text\">begeistert singen die Kinder<\/p><\/div>\n<div id=\"attachment_2803\" style=\"width: 310px\" class=\"wp-caption alignleft\"><a href=\"http:\/\/www.ekimeissenheim.de\/wp-content\/uploads\/beim-Liedvortrag.jpg\"><img loading=\"lazy\" decoding=\"async\" aria-describedby=\"caption-attachment-2803\" class=\"size-medium wp-image-2803\" alt=\"Kinder beim Liedvortrag\" src=\"http:\/\/www.ekimeissenheim.de\/wp-content\/uploads\/beim-Liedvortrag-300x225.jpg\" width=\"300\" height=\"225\" srcset=\"https:\/\/www.ekimeissenheim.de\/wp-content\/uploads\/beim-Liedvortrag-300x225.jpg 300w, https:\/\/www.ekimeissenheim.de\/wp-content\/uploads\/beim-Liedvortrag.jpg 800w\" sizes=\"auto, (max-width: 300px) 100vw, 300px\" \/><\/a><p id=\"caption-attachment-2803\" class=\"wp-caption-text\">Kinder beim Liedvortrag<\/p><\/div>\n<div id=\"attachment_2804\" style=\"width: 310px\" class=\"wp-caption alignleft\"><a href=\"http:\/\/www.ekimeissenheim.de\/wp-content\/uploads\/das-Meer-tobt-und-die-J\u00fcnger-haben-Angst.jpg\"><img loading=\"lazy\" decoding=\"async\" aria-describedby=\"caption-attachment-2804\" class=\"size-medium wp-image-2804\" alt=\"das Meer tobt und die J\u00fcnger haben Angst\" src=\"http:\/\/www.ekimeissenheim.de\/wp-content\/uploads\/das-Meer-tobt-und-die-J\u00fcnger-haben-Angst-300x225.jpg\" width=\"300\" height=\"225\" \/><\/a><p id=\"caption-attachment-2804\" class=\"wp-caption-text\">das Meer tobt und die J\u00fcnger haben Angst<\/p><\/div>\n","protected":false},"excerpt":{"rendered":"<p>Am Sonntag L\u00e4tare, dem 30. M\u00e4rz fand in der Evangelischen Kirche in K\u00fcrzell ein Familiengottesdienst statt.Vorbereitet von den Erzieherinnen des K\u00fcrzeller Kindergartens und den Kindern wurde die Geschichte von der Sturmstillung Jesu erz\u00e4hlt und gespielt. Sehr eindrucksvoll sah man die &hellip; <a href=\"https:\/\/www.ekimeissenheim.de\/?p=2800\">Weiterlesen <span class=\"meta-nav\">&rarr;<\/span><\/a><\/p>\n","protected":false},"author":2,"featured_media":0,"comment_status":"open","ping_status":"open","sticky":false,"template":"","format":"standard","meta":{"ngg_post_thumbnail":0,"footnotes":""},"categories":[1],"tags":[],"class_list":["post-2800","post","type-post","status-publish","format-standard","hentry","category-allgemein"],"_links":{"self":[{"href":"https:\/\/www.ekimeissenheim.de\/index.php?rest_route=\/wp\/v2\/posts\/2800","targetHints":{"allow":["GET"]}}],"collection":[{"href":"https:\/\/www.ekimeissenheim.de\/index.php?rest_route=\/wp\/v2\/posts"}],"about":[{"href":"https:\/\/www.ekimeissenheim.de\/index.php?rest_route=\/wp\/v2\/types\/post"}],"author":[{"embeddable":true,"href":"https:\/\/www.ekimeissenheim.de\/index.php?rest_route=\/wp\/v2\/users\/2"}],"replies":[{"embeddable":true,"href":"https:\/\/www.ekimeissenheim.de\/index.php?rest_route=%2Fwp%2Fv2%2Fcomments&post=2800"}],"version-history":[{"count":1,"href":"https:\/\/www.ekimeissenheim.de\/index.php?rest_route=\/wp\/v2\/posts\/2800\/revisions"}],"predecessor-version":[{"id":2805,"href":"https:\/\/www.ekimeissenheim.de\/index.php?rest_route=\/wp\/v2\/posts\/2800\/revisions\/2805"}],"wp:attachment":[{"href":"https:\/\/www.ekimeissenheim.de\/index.php?rest_route=%2Fwp%2Fv2%2Fmedia&parent=2800"}],"wp:term":[{"taxonomy":"category","embeddable":true,"href":"https:\/\/www.ekimeissenheim.de\/index.php?rest_route=%2Fwp%2Fv2%2Fcategories&post=2800"},{"taxonomy":"post_tag","embeddable":true,"href":"https:\/\/www.ekimeissenheim.de\/index.php?rest_route=%2Fwp%2Fv2%2Ftags&post=2800"}],"curies":[{"name":"wp","href":"https:\/\/api.w.org\/{rel}","templated":true}]}}