{"id":2736,"date":"2014-03-12T09:51:32","date_gmt":"2014-03-12T07:51:32","guid":{"rendered":"http:\/\/www.ekimeissenheim.de\/?p=2736"},"modified":"2014-03-12T09:51:32","modified_gmt":"2014-03-12T07:51:32","slug":"weltgebetstag-gottesdienst-in-meissenheim-und-kuerzell","status":"publish","type":"post","link":"https:\/\/www.ekimeissenheim.de\/?p=2736","title":{"rendered":"Weltgebetstag &#8211; Gottesdienst in Mei\u00dfenheim und K\u00fcrzell"},"content":{"rendered":"<p>Wie jedes Jahr fand am ersten Freitag im M\u00e4rz der Weltgebetstagsgottesdienst statt. Sowohl in Mei\u00dfenheim, als auch in K\u00fcrzell bereitete sich eine Gruppe f\u00fcr diesen Gottesdienst vor, bearbeitete die Texte und gestaltete den Ablauf des Abends. Die Vorlage f\u00fcr dieses Jahr kam aus \u00c4gypten. Frauen aus verschiedenen Konfessionen in \u00c4gypten haben an dieser Vorlage zusammengearbeitet, ihre Hoffnungen und Sorgen, ihre Pl\u00e4ne und Zukunftsperspektiven in Worte gefasst. Pr\u00e4gend f\u00fcr das Land \u00c4gypten ist der zentrale Wasserlauf des Nil, von seinem Wasser lebt das Land und am Nil entlang wohnen die meisten Menschen in \u00c4gypten. Deshalb spielte das Thema Wasser im Weltgebetstagsgottesdienst eine gro\u00dfe Rolle und in einem Bodenbild wurde die zentrale Bedeutung des Nil erkennbar. Die Geschichte von der samaritanischen Frau am Jakobsbrunnen, in der auch das Wasser eine zentrale Rolle spielt, brachte treffend die biblische Tradition mit ins Gespr\u00e4ch. Ein herzliches Dankesch\u00f6n den Frauen in den Vorbereitungsgruppen.<\/p>\n<div id=\"attachment_2737\" style=\"width: 310px\" class=\"wp-caption alignleft\"><a href=\"http:\/\/www.ekimeissenheim.de\/wp-content\/uploads\/WGT-2014-Mhm-Team.jpg\"><img loading=\"lazy\" decoding=\"async\" aria-describedby=\"caption-attachment-2737\" class=\"size-medium wp-image-2737\" alt=\"Team des Weltgebetstags aus Mei\u00dfenheim\" src=\"http:\/\/www.ekimeissenheim.de\/wp-content\/uploads\/WGT-2014-Mhm-Team-300x225.jpg\" width=\"300\" height=\"225\" srcset=\"https:\/\/www.ekimeissenheim.de\/wp-content\/uploads\/WGT-2014-Mhm-Team-300x225.jpg 300w, https:\/\/www.ekimeissenheim.de\/wp-content\/uploads\/WGT-2014-Mhm-Team.jpg 800w\" sizes=\"auto, (max-width: 300px) 100vw, 300px\" \/><\/a><p id=\"caption-attachment-2737\" class=\"wp-caption-text\">Team des Weltgebetstags aus Mei\u00dfenheim<\/p><\/div>\n<div id=\"attachment_2738\" style=\"width: 235px\" class=\"wp-caption alignleft\"><a href=\"http:\/\/www.ekimeissenheim.de\/wp-content\/uploads\/WGT-2014-K\u00fcrzell-Bodenbild.jpg\"><img loading=\"lazy\" decoding=\"async\" aria-describedby=\"caption-attachment-2738\" class=\"size-medium wp-image-2738\" alt=\"Bodenbild in der Evangelischen Kirche K\u00fcrzell\" src=\"http:\/\/www.ekimeissenheim.de\/wp-content\/uploads\/WGT-2014-K\u00fcrzell-Bodenbild-225x300.jpg\" width=\"225\" height=\"300\" \/><\/a><p id=\"caption-attachment-2738\" class=\"wp-caption-text\">Bodenbild in der Evangelischen Kirche K\u00fcrzell<\/p><\/div>\n","protected":false},"excerpt":{"rendered":"<p>Wie jedes Jahr fand am ersten Freitag im M\u00e4rz der Weltgebetstagsgottesdienst statt. Sowohl in Mei\u00dfenheim, als auch in K\u00fcrzell bereitete sich eine Gruppe f\u00fcr diesen Gottesdienst vor, bearbeitete die Texte und gestaltete den Ablauf des Abends. Die Vorlage f\u00fcr dieses &hellip; <a href=\"https:\/\/www.ekimeissenheim.de\/?p=2736\">Weiterlesen <span class=\"meta-nav\">&rarr;<\/span><\/a><\/p>\n","protected":false},"author":2,"featured_media":0,"comment_status":"open","ping_status":"open","sticky":false,"template":"","format":"standard","meta":{"ngg_post_thumbnail":0,"footnotes":""},"categories":[1],"tags":[],"class_list":["post-2736","post","type-post","status-publish","format-standard","hentry","category-allgemein"],"_links":{"self":[{"href":"https:\/\/www.ekimeissenheim.de\/index.php?rest_route=\/wp\/v2\/posts\/2736","targetHints":{"allow":["GET"]}}],"collection":[{"href":"https:\/\/www.ekimeissenheim.de\/index.php?rest_route=\/wp\/v2\/posts"}],"about":[{"href":"https:\/\/www.ekimeissenheim.de\/index.php?rest_route=\/wp\/v2\/types\/post"}],"author":[{"embeddable":true,"href":"https:\/\/www.ekimeissenheim.de\/index.php?rest_route=\/wp\/v2\/users\/2"}],"replies":[{"embeddable":true,"href":"https:\/\/www.ekimeissenheim.de\/index.php?rest_route=%2Fwp%2Fv2%2Fcomments&post=2736"}],"version-history":[{"count":1,"href":"https:\/\/www.ekimeissenheim.de\/index.php?rest_route=\/wp\/v2\/posts\/2736\/revisions"}],"predecessor-version":[{"id":2739,"href":"https:\/\/www.ekimeissenheim.de\/index.php?rest_route=\/wp\/v2\/posts\/2736\/revisions\/2739"}],"wp:attachment":[{"href":"https:\/\/www.ekimeissenheim.de\/index.php?rest_route=%2Fwp%2Fv2%2Fmedia&parent=2736"}],"wp:term":[{"taxonomy":"category","embeddable":true,"href":"https:\/\/www.ekimeissenheim.de\/index.php?rest_route=%2Fwp%2Fv2%2Fcategories&post=2736"},{"taxonomy":"post_tag","embeddable":true,"href":"https:\/\/www.ekimeissenheim.de\/index.php?rest_route=%2Fwp%2Fv2%2Ftags&post=2736"}],"curies":[{"name":"wp","href":"https:\/\/api.w.org\/{rel}","templated":true}]}}