{"id":2702,"date":"2014-01-28T18:15:12","date_gmt":"2014-01-28T16:15:12","guid":{"rendered":"http:\/\/www.ekimeissenheim.de\/?p=2702"},"modified":"2014-01-28T18:15:12","modified_gmt":"2014-01-28T16:15:12","slug":"posaunenchor-feiert-jubilaeum","status":"publish","type":"post","link":"https:\/\/www.ekimeissenheim.de\/?p=2702","title":{"rendered":"Posaunenchor feiert Jubil\u00e4um"},"content":{"rendered":"<p>60 Jahre alt ist der Evangelische Posaunenchor der Kirchengemeinde geworden, ein guter Grund f\u00fcr die Bl\u00e4serinnen und Bl\u00e4ser diesen Geburtstag angemessen zu feiern mit einem Gottesdienst und einem anschlie\u00dfenden Empfang.<br \/>\nIm Gottesdienst ehrte der Landesposaunenwart Heiko Petersen verschiedene Mitglieder des Posaunenchores f\u00fcr ihr jahrzehntelanges Engagement.<br \/>\nBeim Empfang \u00fcberbrachte Herta Hannemann Geburtstagsgr\u00fc\u00dfe vom Kirchenchor, der im Gottesdienst ebenfalls mitwirkte. Und auch B\u00fcrgermeister Alexander Schr\u00f6der sprach ein Gru\u00df- und Dankeswort, verbunden mit dem Versprechen, dass der Posaunenchor im Fr\u00fchjahr einen Baum geschenkt bekommen wird.<br \/>\n<div id='gallery-1' class='gallery galleryid-2702 gallery-columns-3 gallery-size-thumbnail'><dl class='gallery-item'>\n\t\t\t<dt class='gallery-icon landscape'>\n\t\t\t\t<a href='https:\/\/www.ekimeissenheim.de\/?attachment_id=2705'><img loading=\"lazy\" decoding=\"async\" width=\"150\" height=\"150\" src=\"https:\/\/www.ekimeissenheim.de\/wp-content\/uploads\/gut-besuchter-Empfang-150x150.jpg\" class=\"attachment-thumbnail size-thumbnail\" alt=\"\" aria-describedby=\"gallery-1-2705\" \/><\/a>\n\t\t\t<\/dt>\n\t\t\t\t<dd class='wp-caption-text gallery-caption' id='gallery-1-2705'>\n\t\t\t\tgut besuchter Empfang\n\t\t\t\t<\/dd><\/dl>\n\t\t\t<br style='clear: both' \/>\n\t\t<\/div>\n<\/p>\n","protected":false},"excerpt":{"rendered":"<p>60 Jahre alt ist der Evangelische Posaunenchor der Kirchengemeinde geworden, ein guter Grund f\u00fcr die Bl\u00e4serinnen und Bl\u00e4ser diesen Geburtstag angemessen zu feiern mit einem Gottesdienst und einem anschlie\u00dfenden Empfang. Im Gottesdienst ehrte der Landesposaunenwart Heiko Petersen verschiedene Mitglieder des &hellip; <a href=\"https:\/\/www.ekimeissenheim.de\/?p=2702\">Weiterlesen <span class=\"meta-nav\">&rarr;<\/span><\/a><\/p>\n","protected":false},"author":2,"featured_media":0,"comment_status":"open","ping_status":"open","sticky":false,"template":"","format":"standard","meta":{"ngg_post_thumbnail":0,"footnotes":""},"categories":[1],"tags":[],"class_list":["post-2702","post","type-post","status-publish","format-standard","hentry","category-allgemein"],"_links":{"self":[{"href":"https:\/\/www.ekimeissenheim.de\/index.php?rest_route=\/wp\/v2\/posts\/2702","targetHints":{"allow":["GET"]}}],"collection":[{"href":"https:\/\/www.ekimeissenheim.de\/index.php?rest_route=\/wp\/v2\/posts"}],"about":[{"href":"https:\/\/www.ekimeissenheim.de\/index.php?rest_route=\/wp\/v2\/types\/post"}],"author":[{"embeddable":true,"href":"https:\/\/www.ekimeissenheim.de\/index.php?rest_route=\/wp\/v2\/users\/2"}],"replies":[{"embeddable":true,"href":"https:\/\/www.ekimeissenheim.de\/index.php?rest_route=%2Fwp%2Fv2%2Fcomments&post=2702"}],"version-history":[{"count":1,"href":"https:\/\/www.ekimeissenheim.de\/index.php?rest_route=\/wp\/v2\/posts\/2702\/revisions"}],"predecessor-version":[{"id":2707,"href":"https:\/\/www.ekimeissenheim.de\/index.php?rest_route=\/wp\/v2\/posts\/2702\/revisions\/2707"}],"wp:attachment":[{"href":"https:\/\/www.ekimeissenheim.de\/index.php?rest_route=%2Fwp%2Fv2%2Fmedia&parent=2702"}],"wp:term":[{"taxonomy":"category","embeddable":true,"href":"https:\/\/www.ekimeissenheim.de\/index.php?rest_route=%2Fwp%2Fv2%2Fcategories&post=2702"},{"taxonomy":"post_tag","embeddable":true,"href":"https:\/\/www.ekimeissenheim.de\/index.php?rest_route=%2Fwp%2Fv2%2Ftags&post=2702"}],"curies":[{"name":"wp","href":"https:\/\/api.w.org\/{rel}","templated":true}]}}