{"id":2678,"date":"2014-01-15T13:31:19","date_gmt":"2014-01-15T11:31:19","guid":{"rendered":"http:\/\/www.ekimeissenheim.de\/?p=2678"},"modified":"2014-01-15T13:34:16","modified_gmt":"2014-01-15T11:34:16","slug":"kirchengemeinde-kuerzell-neujahrsempfang","status":"publish","type":"post","link":"https:\/\/www.ekimeissenheim.de\/?p=2678","title":{"rendered":"Kirchengemeinde K\u00fcrzell &#8211; Neujahrsempfang"},"content":{"rendered":"<p>Auch das Jahr 2014 begann mit einem Neujahrsempfang der Kirchengemeinde K\u00fcrzell.<br \/>\nSchon eine kleine Tradition ist es, dass der Gospelchor &#8222;Gospel Generation&#8220; unter Leitung von Gesine F\u00fcnfgeld den Gottesdienst mitgestaltet. Pfarrer Adler w\u00fcnschte beim Empfang allen Anwesenden ein gesegnetes Jahr und freute sich \u00fcber den guten Zuspruch, den der Empfang dieses Jahr erfuhr. So wurde mit Gl\u00fchwein und den Neujahrsbrezeln gefeiert und es fanden rege Gespr\u00e4che statt.<br \/>\nDer Empfang selbst wurde er\u00f6ffnet durch das Geigenspiel von Antonia F\u00fcnfgeld und Aylin L\u00e4ssle, beide erhielten viel Applaus f\u00fcr ihr K\u00f6nnen.<br \/>\nIn bew\u00e4hrter Weise war der Kirchengemeinderat f\u00fcr die Vorbereitung und die Durchf\u00fchrung verantwortlich. Ihm ein herzliches Dankesch\u00f6n.<br \/>\n<div id='gallery-1' class='gallery galleryid-2678 gallery-columns-3 gallery-size-thumbnail'><dl class='gallery-item'>\n\t\t\t<dt class='gallery-icon landscape'>\n\t\t\t\t<a href='https:\/\/www.ekimeissenheim.de\/?attachment_id=2680'><img loading=\"lazy\" decoding=\"async\" width=\"150\" height=\"150\" src=\"https:\/\/www.ekimeissenheim.de\/wp-content\/uploads\/gut-besucht3-150x150.jpg\" class=\"attachment-thumbnail size-thumbnail\" alt=\"\" aria-describedby=\"gallery-1-2680\" \/><\/a>\n\t\t\t<\/dt>\n\t\t\t\t<dd class='wp-caption-text gallery-caption' id='gallery-1-2680'>\n\t\t\t\tgut besucht\n\t\t\t\t<\/dd><\/dl><dl class='gallery-item'>\n\t\t\t<dt class='gallery-icon landscape'>\n\t\t\t\t<a href='https:\/\/www.ekimeissenheim.de\/?attachment_id=2682'><img loading=\"lazy\" decoding=\"async\" width=\"150\" height=\"150\" src=\"https:\/\/www.ekimeissenheim.de\/wp-content\/uploads\/und-zu-lachen-gabe-es-auch-was-150x150.jpg\" class=\"attachment-thumbnail size-thumbnail\" alt=\"\" aria-describedby=\"gallery-1-2682\" \/><\/a>\n\t\t\t<\/dt>\n\t\t\t\t<dd class='wp-caption-text gallery-caption' id='gallery-1-2682'>\n\t\t\t\tund zu lachen gab es auch etwas\n\t\t\t\t<\/dd><\/dl>\n\t\t\t<br style='clear: both' \/>\n\t\t<\/div>\n<\/p>\n","protected":false},"excerpt":{"rendered":"<p>Auch das Jahr 2014 begann mit einem Neujahrsempfang der Kirchengemeinde K\u00fcrzell. Schon eine kleine Tradition ist es, dass der Gospelchor &#8222;Gospel Generation&#8220; unter Leitung von Gesine F\u00fcnfgeld den Gottesdienst mitgestaltet. Pfarrer Adler w\u00fcnschte beim Empfang allen Anwesenden ein gesegnetes Jahr &hellip; <a href=\"https:\/\/www.ekimeissenheim.de\/?p=2678\">Weiterlesen <span class=\"meta-nav\">&rarr;<\/span><\/a><\/p>\n","protected":false},"author":2,"featured_media":0,"comment_status":"open","ping_status":"open","sticky":false,"template":"","format":"standard","meta":{"ngg_post_thumbnail":0,"footnotes":""},"categories":[1],"tags":[],"class_list":["post-2678","post","type-post","status-publish","format-standard","hentry","category-allgemein"],"_links":{"self":[{"href":"https:\/\/www.ekimeissenheim.de\/index.php?rest_route=\/wp\/v2\/posts\/2678","targetHints":{"allow":["GET"]}}],"collection":[{"href":"https:\/\/www.ekimeissenheim.de\/index.php?rest_route=\/wp\/v2\/posts"}],"about":[{"href":"https:\/\/www.ekimeissenheim.de\/index.php?rest_route=\/wp\/v2\/types\/post"}],"author":[{"embeddable":true,"href":"https:\/\/www.ekimeissenheim.de\/index.php?rest_route=\/wp\/v2\/users\/2"}],"replies":[{"embeddable":true,"href":"https:\/\/www.ekimeissenheim.de\/index.php?rest_route=%2Fwp%2Fv2%2Fcomments&post=2678"}],"version-history":[{"count":2,"href":"https:\/\/www.ekimeissenheim.de\/index.php?rest_route=\/wp\/v2\/posts\/2678\/revisions"}],"predecessor-version":[{"id":2684,"href":"https:\/\/www.ekimeissenheim.de\/index.php?rest_route=\/wp\/v2\/posts\/2678\/revisions\/2684"}],"wp:attachment":[{"href":"https:\/\/www.ekimeissenheim.de\/index.php?rest_route=%2Fwp%2Fv2%2Fmedia&parent=2678"}],"wp:term":[{"taxonomy":"category","embeddable":true,"href":"https:\/\/www.ekimeissenheim.de\/index.php?rest_route=%2Fwp%2Fv2%2Fcategories&post=2678"},{"taxonomy":"post_tag","embeddable":true,"href":"https:\/\/www.ekimeissenheim.de\/index.php?rest_route=%2Fwp%2Fv2%2Ftags&post=2678"}],"curies":[{"name":"wp","href":"https:\/\/api.w.org\/{rel}","templated":true}]}}