{"id":2650,"date":"2014-01-02T14:06:08","date_gmt":"2014-01-02T12:06:08","guid":{"rendered":"http:\/\/www.ekimeissenheim.de\/?p=2650"},"modified":"2014-01-02T14:12:23","modified_gmt":"2014-01-02T12:12:23","slug":"taize-pilger-in-meissenheim-und-kuerzell","status":"publish","type":"post","link":"https:\/\/www.ekimeissenheim.de\/?p=2650","title":{"rendered":"Taiz\u00e9-Pilger in Mei\u00dfenheim und K\u00fcrzell"},"content":{"rendered":"<p><strong>Taiz\u00e9-G\u00e4ste: Danke f\u00fcr &#8222;Wohlf\u00fchl&#8220;<\/strong><br \/>\n5 Tage durften wir ein bisschen Heimat sein f\u00fcr Taiz\u00e9-Pilger, die am Jugendtreffen in Stra\u00dfburg teilnahmen. Bei der Verabschiedung am 1. Januar sagte eine Junge Polin: Danke f\u00fcr &#8222;Wohlf\u00fchl&#8220;.<br \/>\nUnd das hat man gemerkt, sie haben sich in den Gastfamilien und sie haben sich in unserer Gemeinde wohlgef\u00fchlt und erlebten sich gut versorgt.<br \/>\nBesonderen Anklang fand das Nachtcaf\u00e9 im Gemeindehaus. Immer wenn die Pilger aus Stra\u00dfburg abends um 21.15 Uhr zur\u00fcck kamen, versammelten sie sich noch einmal zu Tee, Getr\u00e4nken und Geb\u00e4ck und lie\u00dfen in ihren Gespr\u00e4chen die Eindr\u00fccke des Tages miteinander Revue passieren. Dabei hat alles sehr improvisiert angefangen. Als die Pilger am Samstag, 28.12. in Mei\u00dfenheim eintrafen und auf die Familien verteilt waren, sollte der Bus sie wieder nach Stra\u00dfburg zur Er\u00f6ffnung des Treffens bringen, doch der Bus kam nicht. Kurzerhand organisierte das Vorbereitungsteam im DRK-Haus in Mei\u00dfenheim ein Abendessen f\u00fcr die 50 G\u00e4ste. Und dass es am Sonntag dann nach dem Gottesdienst eine wunderbare Suppe gab, ersetzte aufs Beste das Lunchpaket, das sie eigentlich einen Tag zuvor in Stra\u00dfburg h\u00e4tten bekommen sollen. Die sch\u00f6ne Erfahrung, die mit den Taiz\u00e9-G\u00e4sten gemacht wurde ist neben den Andachten sicher auch der Austausch und das Zusammenwachsen der jungen Menschen aus Rum\u00e4nien, Litauen, Polen, Deutschland und der USA. So gab es am Mittwoch auch manche Tr\u00e4ne des Abschiedsschmerzes.<\/p>\n<p>Ein ganz herzliches Dankesch\u00f6n den Familien, die unsere Pilger aufgenommen und versorgt haben. Ein Dankesch\u00f6n auch an alle, die uns unterst\u00fctzt haben mit Tatkraft, mit Kuchen, Obst und noch vielem mehr.<br \/>\nHier einige Bilder:<br \/>\n<div id='gallery-1' class='gallery galleryid-2650 gallery-columns-3 gallery-size-thumbnail'><dl class='gallery-item'>\n\t\t\t<dt class='gallery-icon landscape'>\n\t\t\t\t<a href='https:\/\/www.ekimeissenheim.de\/?attachment_id=2651'><img loading=\"lazy\" decoding=\"async\" width=\"150\" height=\"150\" src=\"https:\/\/www.ekimeissenheim.de\/wp-content\/uploads\/Beim-Fest-der-Nationen-ein-Tanz-wird-probiert-150x150.jpg\" class=\"attachment-thumbnail size-thumbnail\" alt=\"\" aria-describedby=\"gallery-1-2651\" \/><\/a>\n\t\t\t<\/dt>\n\t\t\t\t<dd class='wp-caption-text gallery-caption' id='gallery-1-2651'>\n\t\t\t\tBeim Fest der Nationen &#8211; ein Tanz wird probiert\n\t\t\t\t<\/dd><\/dl><dl class='gallery-item'>\n\t\t\t<dt class='gallery-icon landscape'>\n\t\t\t\t<a href='https:\/\/www.ekimeissenheim.de\/?attachment_id=2653'><img loading=\"lazy\" decoding=\"async\" width=\"150\" height=\"150\" src=\"https:\/\/www.ekimeissenheim.de\/wp-content\/uploads\/Beim-Fest-der-Nationen-Informationen-aus-Polen-150x150.jpg\" class=\"attachment-thumbnail size-thumbnail\" alt=\"\" aria-describedby=\"gallery-1-2653\" \/><\/a>\n\t\t\t<\/dt>\n\t\t\t\t<dd class='wp-caption-text gallery-caption' id='gallery-1-2653'>\n\t\t\t\tBeim Fest der Nationen &#8211; Informationen aus Polen\n\t\t\t\t<\/dd><\/dl><dl class='gallery-item'>\n\t\t\t<dt class='gallery-icon landscape'>\n\t\t\t\t<a href='https:\/\/www.ekimeissenheim.de\/?attachment_id=2654'><img loading=\"lazy\" decoding=\"async\" width=\"150\" height=\"150\" src=\"https:\/\/www.ekimeissenheim.de\/wp-content\/uploads\/Beim-Fest-der-Nationen-Kontakt-und-Bewegung-150x150.jpg\" class=\"attachment-thumbnail size-thumbnail\" alt=\"\" aria-describedby=\"gallery-1-2654\" \/><\/a>\n\t\t\t<\/dt>\n\t\t\t\t<dd class='wp-caption-text gallery-caption' id='gallery-1-2654'>\n\t\t\t\tBeim Fest der Nationen &#8211; Kontakt und Bewegung\n\t\t\t\t<\/dd><\/dl><br style=\"clear: both\" \/><dl class='gallery-item'>\n\t\t\t<dt class='gallery-icon landscape'>\n\t\t\t\t<a href='https:\/\/www.ekimeissenheim.de\/?attachment_id=2655'><img loading=\"lazy\" decoding=\"async\" width=\"150\" height=\"150\" src=\"https:\/\/www.ekimeissenheim.de\/wp-content\/uploads\/Bruder-Norbert-umrahmt-von-Irene-Schlenker-und-Gerhard-Lutz-150x150.jpg\" class=\"attachment-thumbnail size-thumbnail\" alt=\"\" aria-describedby=\"gallery-1-2655\" \/><\/a>\n\t\t\t<\/dt>\n\t\t\t\t<dd class='wp-caption-text gallery-caption' id='gallery-1-2655'>\n\t\t\t\tBruder Norbert umrahmt von Irene Schlenker und Gerhard Lutz\n\t\t\t\t<\/dd><\/dl><dl class='gallery-item'>\n\t\t\t<dt class='gallery-icon landscape'>\n\t\t\t\t<a href='https:\/\/www.ekimeissenheim.de\/?attachment_id=2656'><img loading=\"lazy\" decoding=\"async\" width=\"150\" height=\"150\" src=\"https:\/\/www.ekimeissenheim.de\/wp-content\/uploads\/Die-litauische-Gruppe-150x150.jpg\" class=\"attachment-thumbnail size-thumbnail\" alt=\"\" aria-describedby=\"gallery-1-2656\" \/><\/a>\n\t\t\t<\/dt>\n\t\t\t\t<dd class='wp-caption-text gallery-caption' id='gallery-1-2656'>\n\t\t\t\tDie litauische Gruppe\n\t\t\t\t<\/dd><\/dl><dl class='gallery-item'>\n\t\t\t<dt class='gallery-icon landscape'>\n\t\t\t\t<a href='https:\/\/www.ekimeissenheim.de\/?attachment_id=2661'><img loading=\"lazy\" decoding=\"async\" width=\"150\" height=\"150\" src=\"https:\/\/www.ekimeissenheim.de\/wp-content\/uploads\/Nachtcafe-Zeit-zum-Austausch-150x150.jpg\" class=\"attachment-thumbnail size-thumbnail\" alt=\"\" aria-describedby=\"gallery-1-2661\" \/><\/a>\n\t\t\t<\/dt>\n\t\t\t\t<dd class='wp-caption-text gallery-caption' id='gallery-1-2661'>\n\t\t\t\tNachtcaf\u00e9 &#8211; Zeit zum Austausch\n\t\t\t\t<\/dd><\/dl><br style=\"clear: both\" \/><dl class='gallery-item'>\n\t\t\t<dt class='gallery-icon landscape'>\n\t\t\t\t<a href='https:\/\/www.ekimeissenheim.de\/?attachment_id=2662'><img loading=\"lazy\" decoding=\"async\" width=\"150\" height=\"150\" src=\"https:\/\/www.ekimeissenheim.de\/wp-content\/uploads\/Versammelt-zur-Andacht-150x150.jpg\" class=\"attachment-thumbnail size-thumbnail\" alt=\"\" aria-describedby=\"gallery-1-2662\" \/><\/a>\n\t\t\t<\/dt>\n\t\t\t\t<dd class='wp-caption-text gallery-caption' id='gallery-1-2662'>\n\t\t\t\tVersammelt zur Andacht\n\t\t\t\t<\/dd><\/dl><dl class='gallery-item'>\n\t\t\t<dt class='gallery-icon landscape'>\n\t\t\t\t<a href='https:\/\/www.ekimeissenheim.de\/?attachment_id=2663'><img loading=\"lazy\" decoding=\"async\" width=\"150\" height=\"150\" src=\"https:\/\/www.ekimeissenheim.de\/wp-content\/uploads\/Zwei-Pilgerinnen-entdecken-den-Nachtisch-150x150.jpg\" class=\"attachment-thumbnail size-thumbnail\" alt=\"\" aria-describedby=\"gallery-1-2663\" \/><\/a>\n\t\t\t<\/dt>\n\t\t\t\t<dd class='wp-caption-text gallery-caption' id='gallery-1-2663'>\n\t\t\t\tZwei Pilgerinnen entdecken den Nachtisch\n\t\t\t\t<\/dd><\/dl>\n\t\t\t<br style='clear: both' \/>\n\t\t<\/div>\n<\/p>\n","protected":false},"excerpt":{"rendered":"<p>Taiz\u00e9-G\u00e4ste: Danke f\u00fcr &#8222;Wohlf\u00fchl&#8220; 5 Tage durften wir ein bisschen Heimat sein f\u00fcr Taiz\u00e9-Pilger, die am Jugendtreffen in Stra\u00dfburg teilnahmen. Bei der Verabschiedung am 1. Januar sagte eine Junge Polin: Danke f\u00fcr &#8222;Wohlf\u00fchl&#8220;. Und das hat man gemerkt, sie haben &hellip; <a href=\"https:\/\/www.ekimeissenheim.de\/?p=2650\">Weiterlesen <span class=\"meta-nav\">&rarr;<\/span><\/a><\/p>\n","protected":false},"author":2,"featured_media":0,"comment_status":"open","ping_status":"open","sticky":false,"template":"","format":"standard","meta":{"ngg_post_thumbnail":0,"footnotes":""},"categories":[1],"tags":[],"class_list":["post-2650","post","type-post","status-publish","format-standard","hentry","category-allgemein"],"_links":{"self":[{"href":"https:\/\/www.ekimeissenheim.de\/index.php?rest_route=\/wp\/v2\/posts\/2650","targetHints":{"allow":["GET"]}}],"collection":[{"href":"https:\/\/www.ekimeissenheim.de\/index.php?rest_route=\/wp\/v2\/posts"}],"about":[{"href":"https:\/\/www.ekimeissenheim.de\/index.php?rest_route=\/wp\/v2\/types\/post"}],"author":[{"embeddable":true,"href":"https:\/\/www.ekimeissenheim.de\/index.php?rest_route=\/wp\/v2\/users\/2"}],"replies":[{"embeddable":true,"href":"https:\/\/www.ekimeissenheim.de\/index.php?rest_route=%2Fwp%2Fv2%2Fcomments&post=2650"}],"version-history":[{"count":1,"href":"https:\/\/www.ekimeissenheim.de\/index.php?rest_route=\/wp\/v2\/posts\/2650\/revisions"}],"predecessor-version":[{"id":2664,"href":"https:\/\/www.ekimeissenheim.de\/index.php?rest_route=\/wp\/v2\/posts\/2650\/revisions\/2664"}],"wp:attachment":[{"href":"https:\/\/www.ekimeissenheim.de\/index.php?rest_route=%2Fwp%2Fv2%2Fmedia&parent=2650"}],"wp:term":[{"taxonomy":"category","embeddable":true,"href":"https:\/\/www.ekimeissenheim.de\/index.php?rest_route=%2Fwp%2Fv2%2Fcategories&post=2650"},{"taxonomy":"post_tag","embeddable":true,"href":"https:\/\/www.ekimeissenheim.de\/index.php?rest_route=%2Fwp%2Fv2%2Ftags&post=2650"}],"curies":[{"name":"wp","href":"https:\/\/api.w.org\/{rel}","templated":true}]}}