{"id":2641,"date":"2013-12-16T12:10:18","date_gmt":"2013-12-16T10:10:18","guid":{"rendered":"http:\/\/www.ekimeissenheim.de\/?p=2641"},"modified":"2013-12-16T12:10:18","modified_gmt":"2013-12-16T10:10:18","slug":"neue-kirchengemeinderaete-eingefuehrt","status":"publish","type":"post","link":"https:\/\/www.ekimeissenheim.de\/?p=2641","title":{"rendered":"Neue Kirchengemeinder\u00e4te eingef\u00fchrt"},"content":{"rendered":"<p>Am 3. Advent wurden in K\u00fcrzell und Mei\u00dfenheim die neuen Kirchengemeinder\u00e4te in ihr Amt eingef\u00fchrt. Bereichert wurde der Gottesdienst in K\u00fcrzell durch die Turmbl\u00e4ser, in Mei\u00dfenheim wirkten der Kirchenchor und der Posaunenchor mit.<\/p>\n<p>Pfarrer Adler betonte in seiner Predigt, was die Aufgaben der Kirchengemeinder\u00e4te sein wird. Sie sind mitverantwortlich daf\u00fcr, dass der Glaube in der Welt gelebt wird und sollen ihre Erfahrungen mit einbringen, so dass das Lob Gottes nicht nur innerhalb der Kirchenmauern stattfindet, sondern hinaus strahlt in die Welt und dort Wirkung zeigt. Die Verantwortung f\u00fcr eine Gemeinde zu \u00fcbernehmen hat viel mit der Pflege eines Gew\u00e4chses gemeinsam, deshalb \u00fcberreichte Pfarrer Adler den Kirchengemeinder\u00e4ten eine kleine Tanne.<\/p>\n<p>In den Gottesdiensten wurden auch die ausscheidenden Kirchengemeinder\u00e4te verabschiedet und ihnen herzlich f\u00fcr ihre langj\u00e4hrige Arbeit gedankt.<\/p>\n<div id=\"attachment_2643\" style=\"width: 810px\" class=\"wp-caption alignleft\"><a href=\"http:\/\/www.ekimeissenheim.de\/wp-content\/uploads\/K\u00fcrzell.jpg\"><img loading=\"lazy\" decoding=\"async\" aria-describedby=\"caption-attachment-2643\" class=\"size-full wp-image-2643\" alt=\"alte und neue Kirchengemeinder\u00e4te, K\u00fcrzell\" src=\"http:\/\/www.ekimeissenheim.de\/wp-content\/uploads\/K\u00fcrzell.jpg\" width=\"800\" height=\"600\" \/><\/a><p id=\"caption-attachment-2643\" class=\"wp-caption-text\">alte und neue Kirchengemeinder\u00e4te, K\u00fcrzell<\/p><\/div>\n<div id=\"attachment_2642\" style=\"width: 810px\" class=\"wp-caption alignleft\"><a href=\"http:\/\/www.ekimeissenheim.de\/wp-content\/uploads\/Mei\u00dfenheim.jpg\"><img loading=\"lazy\" decoding=\"async\" aria-describedby=\"caption-attachment-2642\" class=\"size-full wp-image-2642\" alt=\"alte und neue Kirchengemeinder\u00e4te, Mei\u00dfenheim\" src=\"http:\/\/www.ekimeissenheim.de\/wp-content\/uploads\/Mei\u00dfenheim.jpg\" width=\"800\" height=\"600\" \/><\/a><p id=\"caption-attachment-2642\" class=\"wp-caption-text\">alte und neue Kirchengemeinder\u00e4te, Mei\u00dfenheim<\/p><\/div>\n","protected":false},"excerpt":{"rendered":"<p>Am 3. Advent wurden in K\u00fcrzell und Mei\u00dfenheim die neuen Kirchengemeinder\u00e4te in ihr Amt eingef\u00fchrt. Bereichert wurde der Gottesdienst in K\u00fcrzell durch die Turmbl\u00e4ser, in Mei\u00dfenheim wirkten der Kirchenchor und der Posaunenchor mit. Pfarrer Adler betonte in seiner Predigt, was &hellip; <a href=\"https:\/\/www.ekimeissenheim.de\/?p=2641\">Weiterlesen <span class=\"meta-nav\">&rarr;<\/span><\/a><\/p>\n","protected":false},"author":2,"featured_media":0,"comment_status":"open","ping_status":"open","sticky":false,"template":"","format":"standard","meta":{"ngg_post_thumbnail":0,"footnotes":""},"categories":[1],"tags":[],"class_list":["post-2641","post","type-post","status-publish","format-standard","hentry","category-allgemein"],"_links":{"self":[{"href":"https:\/\/www.ekimeissenheim.de\/index.php?rest_route=\/wp\/v2\/posts\/2641","targetHints":{"allow":["GET"]}}],"collection":[{"href":"https:\/\/www.ekimeissenheim.de\/index.php?rest_route=\/wp\/v2\/posts"}],"about":[{"href":"https:\/\/www.ekimeissenheim.de\/index.php?rest_route=\/wp\/v2\/types\/post"}],"author":[{"embeddable":true,"href":"https:\/\/www.ekimeissenheim.de\/index.php?rest_route=\/wp\/v2\/users\/2"}],"replies":[{"embeddable":true,"href":"https:\/\/www.ekimeissenheim.de\/index.php?rest_route=%2Fwp%2Fv2%2Fcomments&post=2641"}],"version-history":[{"count":1,"href":"https:\/\/www.ekimeissenheim.de\/index.php?rest_route=\/wp\/v2\/posts\/2641\/revisions"}],"predecessor-version":[{"id":2644,"href":"https:\/\/www.ekimeissenheim.de\/index.php?rest_route=\/wp\/v2\/posts\/2641\/revisions\/2644"}],"wp:attachment":[{"href":"https:\/\/www.ekimeissenheim.de\/index.php?rest_route=%2Fwp%2Fv2%2Fmedia&parent=2641"}],"wp:term":[{"taxonomy":"category","embeddable":true,"href":"https:\/\/www.ekimeissenheim.de\/index.php?rest_route=%2Fwp%2Fv2%2Fcategories&post=2641"},{"taxonomy":"post_tag","embeddable":true,"href":"https:\/\/www.ekimeissenheim.de\/index.php?rest_route=%2Fwp%2Fv2%2Ftags&post=2641"}],"curies":[{"name":"wp","href":"https:\/\/api.w.org\/{rel}","templated":true}]}}