{"id":2635,"date":"2013-12-11T19:09:08","date_gmt":"2013-12-11T17:09:08","guid":{"rendered":"http:\/\/www.ekimeissenheim.de\/?p=2635"},"modified":"2013-12-11T19:09:08","modified_gmt":"2013-12-11T17:09:08","slug":"senioren-kuerzell-feiern-advent","status":"publish","type":"post","link":"https:\/\/www.ekimeissenheim.de\/?p=2635","title":{"rendered":"Senioren K\u00fcrzell feiern Advent"},"content":{"rendered":"<p>Am Sonntag 2. Advent fand in K\u00fcrzell die Adventsfeier f\u00fcr die Senioren der Gemeinde statt. Die Erwartung des Messias war das Thema des Nachmittags, der seinen Abschluss im Familiengottesdienst fand. Die Kinder des Kindergartens Kunterbunt K\u00fcrzell wirkten in diesem Gottesdienst mit. Die Senioren dankten sehr herzlich Brigitte T\u00e4ubert, die den Seniorenkreis leitet.<\/p>\n<div id=\"attachment_2636\" style=\"width: 310px\" class=\"wp-caption alignleft\"><a href=\"http:\/\/www.ekimeissenheim.de\/wp-content\/uploads\/DSCN0592.jpg\"><img loading=\"lazy\" decoding=\"async\" aria-describedby=\"caption-attachment-2636\" class=\"size-medium wp-image-2636\" alt=\"Dank an Brigitte T\u00e4ubert\" src=\"http:\/\/www.ekimeissenheim.de\/wp-content\/uploads\/DSCN0592-300x225.jpg\" width=\"300\" height=\"225\" srcset=\"https:\/\/www.ekimeissenheim.de\/wp-content\/uploads\/DSCN0592-300x225.jpg 300w, https:\/\/www.ekimeissenheim.de\/wp-content\/uploads\/DSCN0592.jpg 800w\" sizes=\"auto, (max-width: 300px) 100vw, 300px\" \/><\/a><p id=\"caption-attachment-2636\" class=\"wp-caption-text\">Dank an Brigitte T\u00e4ubert<\/p><\/div>\n<div id=\"attachment_2637\" style=\"width: 310px\" class=\"wp-caption alignleft\"><a href=\"http:\/\/www.ekimeissenheim.de\/wp-content\/uploads\/DSCN0587.jpg\"><img loading=\"lazy\" decoding=\"async\" aria-describedby=\"caption-attachment-2637\" class=\"size-medium wp-image-2637\" alt=\"gute Gespr\u00e4che\" src=\"http:\/\/www.ekimeissenheim.de\/wp-content\/uploads\/DSCN0587-300x225.jpg\" width=\"300\" height=\"225\" srcset=\"https:\/\/www.ekimeissenheim.de\/wp-content\/uploads\/DSCN0587-300x225.jpg 300w, https:\/\/www.ekimeissenheim.de\/wp-content\/uploads\/DSCN0587.jpg 800w\" sizes=\"auto, (max-width: 300px) 100vw, 300px\" \/><\/a><p id=\"caption-attachment-2637\" class=\"wp-caption-text\">gute Gespr\u00e4che<\/p><\/div>\n<div id=\"attachment_2638\" style=\"width: 310px\" class=\"wp-caption alignleft\"><a href=\"http:\/\/www.ekimeissenheim.de\/wp-content\/uploads\/DSCN0589.jpg\"><img loading=\"lazy\" decoding=\"async\" aria-describedby=\"caption-attachment-2638\" class=\"size-medium wp-image-2638\" alt=\"auch ein paar M\u00e4nner waren dabei\" src=\"http:\/\/www.ekimeissenheim.de\/wp-content\/uploads\/DSCN0589-300x225.jpg\" width=\"300\" height=\"225\" srcset=\"https:\/\/www.ekimeissenheim.de\/wp-content\/uploads\/DSCN0589-300x225.jpg 300w, https:\/\/www.ekimeissenheim.de\/wp-content\/uploads\/DSCN0589.jpg 800w\" sizes=\"auto, (max-width: 300px) 100vw, 300px\" \/><\/a><p id=\"caption-attachment-2638\" class=\"wp-caption-text\">auch ein paar M\u00e4nner waren dabei<\/p><\/div>\n","protected":false},"excerpt":{"rendered":"<p>Am Sonntag 2. Advent fand in K\u00fcrzell die Adventsfeier f\u00fcr die Senioren der Gemeinde statt. Die Erwartung des Messias war das Thema des Nachmittags, der seinen Abschluss im Familiengottesdienst fand. Die Kinder des Kindergartens Kunterbunt K\u00fcrzell wirkten in diesem Gottesdienst &hellip; <a href=\"https:\/\/www.ekimeissenheim.de\/?p=2635\">Weiterlesen <span class=\"meta-nav\">&rarr;<\/span><\/a><\/p>\n","protected":false},"author":2,"featured_media":0,"comment_status":"open","ping_status":"open","sticky":false,"template":"","format":"standard","meta":{"ngg_post_thumbnail":0,"footnotes":""},"categories":[1],"tags":[],"class_list":["post-2635","post","type-post","status-publish","format-standard","hentry","category-allgemein"],"_links":{"self":[{"href":"https:\/\/www.ekimeissenheim.de\/index.php?rest_route=\/wp\/v2\/posts\/2635","targetHints":{"allow":["GET"]}}],"collection":[{"href":"https:\/\/www.ekimeissenheim.de\/index.php?rest_route=\/wp\/v2\/posts"}],"about":[{"href":"https:\/\/www.ekimeissenheim.de\/index.php?rest_route=\/wp\/v2\/types\/post"}],"author":[{"embeddable":true,"href":"https:\/\/www.ekimeissenheim.de\/index.php?rest_route=\/wp\/v2\/users\/2"}],"replies":[{"embeddable":true,"href":"https:\/\/www.ekimeissenheim.de\/index.php?rest_route=%2Fwp%2Fv2%2Fcomments&post=2635"}],"version-history":[{"count":1,"href":"https:\/\/www.ekimeissenheim.de\/index.php?rest_route=\/wp\/v2\/posts\/2635\/revisions"}],"predecessor-version":[{"id":2639,"href":"https:\/\/www.ekimeissenheim.de\/index.php?rest_route=\/wp\/v2\/posts\/2635\/revisions\/2639"}],"wp:attachment":[{"href":"https:\/\/www.ekimeissenheim.de\/index.php?rest_route=%2Fwp%2Fv2%2Fmedia&parent=2635"}],"wp:term":[{"taxonomy":"category","embeddable":true,"href":"https:\/\/www.ekimeissenheim.de\/index.php?rest_route=%2Fwp%2Fv2%2Fcategories&post=2635"},{"taxonomy":"post_tag","embeddable":true,"href":"https:\/\/www.ekimeissenheim.de\/index.php?rest_route=%2Fwp%2Fv2%2Ftags&post=2635"}],"curies":[{"name":"wp","href":"https:\/\/api.w.org\/{rel}","templated":true}]}}