{"id":2630,"date":"2013-12-11T19:04:53","date_gmt":"2013-12-11T17:04:53","guid":{"rendered":"http:\/\/www.ekimeissenheim.de\/?p=2630"},"modified":"2013-12-11T19:04:53","modified_gmt":"2013-12-11T17:04:53","slug":"familiengottesdienst-im-advent","status":"publish","type":"post","link":"https:\/\/www.ekimeissenheim.de\/?p=2630","title":{"rendered":"Familiengottesdienst im Advent"},"content":{"rendered":"<p>Der Kindergarten Arche Noah in Mei\u00dfenheim wirkte beim Familiengottesdienst am 2. Advent mit. Das Thema war &#8222;Licht&#8220; und die Geschichte des kleinen Hirten Simon wurde gespielt. Ein herzliches Dankesch\u00f6n gilt den Kindern und den Erzieherinnen f\u00fcr ihre M\u00fche.<br \/>\n<a href=\"http:\/\/www.ekimeissenheim.de\/wp-content\/uploads\/Adventsgottesdienst-2013-KiGa3.jpg\"><img loading=\"lazy\" decoding=\"async\" class=\"alignleft size-medium wp-image-2631\" alt=\"Adventsgottesdienst 2013 KiGa3\" src=\"http:\/\/www.ekimeissenheim.de\/wp-content\/uploads\/Adventsgottesdienst-2013-KiGa3-300x199.jpg\" width=\"300\" height=\"199\" srcset=\"https:\/\/www.ekimeissenheim.de\/wp-content\/uploads\/Adventsgottesdienst-2013-KiGa3-300x199.jpg 300w, https:\/\/www.ekimeissenheim.de\/wp-content\/uploads\/Adventsgottesdienst-2013-KiGa3.jpg 800w\" sizes=\"auto, (max-width: 300px) 100vw, 300px\" \/><\/a> <a href=\"http:\/\/www.ekimeissenheim.de\/wp-content\/uploads\/Adventsgottesdienst-2013-KiGa1.jpg\"><img loading=\"lazy\" decoding=\"async\" class=\"alignleft size-medium wp-image-2632\" alt=\"Adventsgottesdienst 2013 KiGa1\" src=\"http:\/\/www.ekimeissenheim.de\/wp-content\/uploads\/Adventsgottesdienst-2013-KiGa1-300x199.jpg\" width=\"300\" height=\"199\" srcset=\"https:\/\/www.ekimeissenheim.de\/wp-content\/uploads\/Adventsgottesdienst-2013-KiGa1-300x199.jpg 300w, https:\/\/www.ekimeissenheim.de\/wp-content\/uploads\/Adventsgottesdienst-2013-KiGa1.jpg 800w\" sizes=\"auto, (max-width: 300px) 100vw, 300px\" \/><\/a> <a href=\"http:\/\/www.ekimeissenheim.de\/wp-content\/uploads\/Adventsgottesdienst-2013-KiGa2.jpg\"><img loading=\"lazy\" decoding=\"async\" class=\"alignleft size-medium wp-image-2633\" alt=\"Adventsgottesdienst 2013 KiGa2\" src=\"http:\/\/www.ekimeissenheim.de\/wp-content\/uploads\/Adventsgottesdienst-2013-KiGa2-300x199.jpg\" width=\"300\" height=\"199\" srcset=\"https:\/\/www.ekimeissenheim.de\/wp-content\/uploads\/Adventsgottesdienst-2013-KiGa2-300x199.jpg 300w, https:\/\/www.ekimeissenheim.de\/wp-content\/uploads\/Adventsgottesdienst-2013-KiGa2.jpg 800w\" sizes=\"auto, (max-width: 300px) 100vw, 300px\" \/><\/a><\/p>\n","protected":false},"excerpt":{"rendered":"<p>Der Kindergarten Arche Noah in Mei\u00dfenheim wirkte beim Familiengottesdienst am 2. Advent mit. Das Thema war &#8222;Licht&#8220; und die Geschichte des kleinen Hirten Simon wurde gespielt. Ein herzliches Dankesch\u00f6n gilt den Kindern und den Erzieherinnen f\u00fcr ihre M\u00fche.<\/p>\n","protected":false},"author":2,"featured_media":0,"comment_status":"open","ping_status":"open","sticky":false,"template":"","format":"standard","meta":{"ngg_post_thumbnail":0,"footnotes":""},"categories":[1],"tags":[],"class_list":["post-2630","post","type-post","status-publish","format-standard","hentry","category-allgemein"],"_links":{"self":[{"href":"https:\/\/www.ekimeissenheim.de\/index.php?rest_route=\/wp\/v2\/posts\/2630","targetHints":{"allow":["GET"]}}],"collection":[{"href":"https:\/\/www.ekimeissenheim.de\/index.php?rest_route=\/wp\/v2\/posts"}],"about":[{"href":"https:\/\/www.ekimeissenheim.de\/index.php?rest_route=\/wp\/v2\/types\/post"}],"author":[{"embeddable":true,"href":"https:\/\/www.ekimeissenheim.de\/index.php?rest_route=\/wp\/v2\/users\/2"}],"replies":[{"embeddable":true,"href":"https:\/\/www.ekimeissenheim.de\/index.php?rest_route=%2Fwp%2Fv2%2Fcomments&post=2630"}],"version-history":[{"count":1,"href":"https:\/\/www.ekimeissenheim.de\/index.php?rest_route=\/wp\/v2\/posts\/2630\/revisions"}],"predecessor-version":[{"id":2634,"href":"https:\/\/www.ekimeissenheim.de\/index.php?rest_route=\/wp\/v2\/posts\/2630\/revisions\/2634"}],"wp:attachment":[{"href":"https:\/\/www.ekimeissenheim.de\/index.php?rest_route=%2Fwp%2Fv2%2Fmedia&parent=2630"}],"wp:term":[{"taxonomy":"category","embeddable":true,"href":"https:\/\/www.ekimeissenheim.de\/index.php?rest_route=%2Fwp%2Fv2%2Fcategories&post=2630"},{"taxonomy":"post_tag","embeddable":true,"href":"https:\/\/www.ekimeissenheim.de\/index.php?rest_route=%2Fwp%2Fv2%2Ftags&post=2630"}],"curies":[{"name":"wp","href":"https:\/\/api.w.org\/{rel}","templated":true}]}}