{"id":2615,"date":"2013-12-07T19:09:10","date_gmt":"2013-12-07T17:09:10","guid":{"rendered":"http:\/\/www.ekimeissenheim.de\/?p=2615"},"modified":"2013-12-07T19:09:10","modified_gmt":"2013-12-07T17:09:10","slug":"bischof-nikolaus-im-krabbelgottesdienst","status":"publish","type":"post","link":"https:\/\/www.ekimeissenheim.de\/?p=2615","title":{"rendered":"Bischof Nikolaus im Krabbelgottesdienst"},"content":{"rendered":"<p>Am Samstag, 7.12. bekamen die Kinder des Krabbelgottesdienstes hohen Besuch von Bischof Nikolaus. Es gab Geschichten aus seinem Leben und nat\u00fcrlich wurden die Kinder auch beschenkt. Aber die Kinder selber schenkten ebenfalls etwas, n\u00e4mlich Spielzeug f\u00fcr Kinder der Lahrer Tafel.<br \/>\n<div id='gallery-1' class='gallery galleryid-2615 gallery-columns-3 gallery-size-thumbnail'><dl class='gallery-item'>\n\t\t\t<dt class='gallery-icon landscape'>\n\t\t\t\t<a href='https:\/\/www.ekimeissenheim.de\/?attachment_id=2616'><img loading=\"lazy\" decoding=\"async\" width=\"150\" height=\"150\" src=\"https:\/\/www.ekimeissenheim.de\/wp-content\/uploads\/aufmerksam-betrachten-die-Kinder-den-Nikolaus-150x150.jpg\" class=\"attachment-thumbnail size-thumbnail\" alt=\"\" aria-describedby=\"gallery-1-2616\" \/><\/a>\n\t\t\t<\/dt>\n\t\t\t\t<dd class='wp-caption-text gallery-caption' id='gallery-1-2616'>\n\t\t\t\taufmerksam betrachten die Kinder den Nikolaus\n\t\t\t\t<\/dd><\/dl><dl class='gallery-item'>\n\t\t\t<dt class='gallery-icon landscape'>\n\t\t\t\t<a href='https:\/\/www.ekimeissenheim.de\/?attachment_id=2618'><img loading=\"lazy\" decoding=\"async\" width=\"150\" height=\"150\" src=\"https:\/\/www.ekimeissenheim.de\/wp-content\/uploads\/Bischof-Nikolaus-zu-Besuch-im-Krabbelgottesdienst-150x150.jpg\" class=\"attachment-thumbnail size-thumbnail\" alt=\"\" aria-describedby=\"gallery-1-2618\" \/><\/a>\n\t\t\t<\/dt>\n\t\t\t\t<dd class='wp-caption-text gallery-caption' id='gallery-1-2618'>\n\t\t\t\tBischof Nikolaus zu Besuch im Krabbelgottesdienst\n\t\t\t\t<\/dd><\/dl>\n\t\t\t<br style='clear: both' \/>\n\t\t<\/div>\n<\/p>\n","protected":false},"excerpt":{"rendered":"<p>Am Samstag, 7.12. bekamen die Kinder des Krabbelgottesdienstes hohen Besuch von Bischof Nikolaus. Es gab Geschichten aus seinem Leben und nat\u00fcrlich wurden die Kinder auch beschenkt. Aber die Kinder selber schenkten ebenfalls etwas, n\u00e4mlich Spielzeug f\u00fcr Kinder der Lahrer Tafel.<\/p>\n","protected":false},"author":2,"featured_media":0,"comment_status":"open","ping_status":"open","sticky":false,"template":"","format":"standard","meta":{"ngg_post_thumbnail":0,"footnotes":""},"categories":[1],"tags":[],"class_list":["post-2615","post","type-post","status-publish","format-standard","hentry","category-allgemein"],"_links":{"self":[{"href":"https:\/\/www.ekimeissenheim.de\/index.php?rest_route=\/wp\/v2\/posts\/2615","targetHints":{"allow":["GET"]}}],"collection":[{"href":"https:\/\/www.ekimeissenheim.de\/index.php?rest_route=\/wp\/v2\/posts"}],"about":[{"href":"https:\/\/www.ekimeissenheim.de\/index.php?rest_route=\/wp\/v2\/types\/post"}],"author":[{"embeddable":true,"href":"https:\/\/www.ekimeissenheim.de\/index.php?rest_route=\/wp\/v2\/users\/2"}],"replies":[{"embeddable":true,"href":"https:\/\/www.ekimeissenheim.de\/index.php?rest_route=%2Fwp%2Fv2%2Fcomments&post=2615"}],"version-history":[{"count":1,"href":"https:\/\/www.ekimeissenheim.de\/index.php?rest_route=\/wp\/v2\/posts\/2615\/revisions"}],"predecessor-version":[{"id":2620,"href":"https:\/\/www.ekimeissenheim.de\/index.php?rest_route=\/wp\/v2\/posts\/2615\/revisions\/2620"}],"wp:attachment":[{"href":"https:\/\/www.ekimeissenheim.de\/index.php?rest_route=%2Fwp%2Fv2%2Fmedia&parent=2615"}],"wp:term":[{"taxonomy":"category","embeddable":true,"href":"https:\/\/www.ekimeissenheim.de\/index.php?rest_route=%2Fwp%2Fv2%2Fcategories&post=2615"},{"taxonomy":"post_tag","embeddable":true,"href":"https:\/\/www.ekimeissenheim.de\/index.php?rest_route=%2Fwp%2Fv2%2Ftags&post=2615"}],"curies":[{"name":"wp","href":"https:\/\/api.w.org\/{rel}","templated":true}]}}