{"id":2607,"date":"2013-12-02T11:34:32","date_gmt":"2013-12-02T09:34:32","guid":{"rendered":"http:\/\/www.ekimeissenheim.de\/?p=2607"},"modified":"2013-12-02T11:34:52","modified_gmt":"2013-12-02T09:34:52","slug":"adventskonzert-des-kirchenchores-in-voller-kirche","status":"publish","type":"post","link":"https:\/\/www.ekimeissenheim.de\/?p=2607","title":{"rendered":"Adventskonzert des Kirchenchores in voller Kirche"},"content":{"rendered":"<p>Schon eine kleine Tradition ist das Adventskonzert des Kirchenchores. Verst\u00e4rkt durch Projekts\u00e4ngerinnen und -s\u00e4nger sowie durch ein Ensemble an Instrumentalisten und Solisten gelang Susanne Mo\u00dfmann als Leitung wieder ein Glanzst\u00fcck in einer vollbesetzten Kirche.\u00a0 Der Kirchenchor kann zurecht stolz sein auf diese Meisterleistung, die am Sonntagabend abgelegt wurde.<\/p>\n<div id=\"attachment_2608\" style=\"width: 310px\" class=\"wp-caption alignleft\"><a href=\"http:\/\/www.ekimeissenheim.de\/wp-content\/uploads\/Oliver-Spengler-an-den-Pauken.jpg\"><img loading=\"lazy\" decoding=\"async\" aria-describedby=\"caption-attachment-2608\" class=\"size-medium wp-image-2608\" alt=\"Oliver Spengler an den Pauken\" src=\"http:\/\/www.ekimeissenheim.de\/wp-content\/uploads\/Oliver-Spengler-an-den-Pauken-300x225.jpg\" width=\"300\" height=\"225\" srcset=\"https:\/\/www.ekimeissenheim.de\/wp-content\/uploads\/Oliver-Spengler-an-den-Pauken-300x225.jpg 300w, https:\/\/www.ekimeissenheim.de\/wp-content\/uploads\/Oliver-Spengler-an-den-Pauken.jpg 800w\" sizes=\"auto, (max-width: 300px) 100vw, 300px\" \/><\/a><p id=\"caption-attachment-2608\" class=\"wp-caption-text\">Oliver Spengler an den Pauken<\/p><\/div>\n<div id=\"attachment_2609\" style=\"width: 310px\" class=\"wp-caption alignleft\"><a href=\"http:\/\/www.ekimeissenheim.de\/wp-content\/uploads\/Chor-und-Solisten1.jpg\"><img loading=\"lazy\" decoding=\"async\" aria-describedby=\"caption-attachment-2609\" class=\"size-medium wp-image-2609\" alt=\"Chor und Solisten\" src=\"http:\/\/www.ekimeissenheim.de\/wp-content\/uploads\/Chor-und-Solisten1-300x225.jpg\" width=\"300\" height=\"225\" srcset=\"https:\/\/www.ekimeissenheim.de\/wp-content\/uploads\/Chor-und-Solisten1-300x225.jpg 300w, https:\/\/www.ekimeissenheim.de\/wp-content\/uploads\/Chor-und-Solisten1.jpg 800w\" sizes=\"auto, (max-width: 300px) 100vw, 300px\" \/><\/a><p id=\"caption-attachment-2609\" class=\"wp-caption-text\">Chor und Solisten<\/p><\/div>\n<div id=\"attachment_2610\" style=\"width: 310px\" class=\"wp-caption alignleft\"><a href=\"http:\/\/www.ekimeissenheim.de\/wp-content\/uploads\/Duett-Marion-Matter-und-Ada-Huser.jpg\"><img loading=\"lazy\" decoding=\"async\" aria-describedby=\"caption-attachment-2610\" class=\"size-medium wp-image-2610\" alt=\"Duett Marion Matter und Ada Huser\" src=\"http:\/\/www.ekimeissenheim.de\/wp-content\/uploads\/Duett-Marion-Matter-und-Ada-Huser-300x225.jpg\" width=\"300\" height=\"225\" srcset=\"https:\/\/www.ekimeissenheim.de\/wp-content\/uploads\/Duett-Marion-Matter-und-Ada-Huser-300x225.jpg 300w, https:\/\/www.ekimeissenheim.de\/wp-content\/uploads\/Duett-Marion-Matter-und-Ada-Huser.jpg 800w\" sizes=\"auto, (max-width: 300px) 100vw, 300px\" \/><\/a><p id=\"caption-attachment-2610\" class=\"wp-caption-text\">Duett Marion Matter und Ada Huser<\/p><\/div>\n<div id=\"attachment_2611\" style=\"width: 310px\" class=\"wp-caption alignleft\"><a href=\"http:\/\/www.ekimeissenheim.de\/wp-content\/uploads\/konzentrierte-S\u00e4nger.jpg\"><img loading=\"lazy\" decoding=\"async\" aria-describedby=\"caption-attachment-2611\" class=\"size-medium wp-image-2611\" alt=\"konzentrierte S\u00e4nger\" src=\"http:\/\/www.ekimeissenheim.de\/wp-content\/uploads\/konzentrierte-S\u00e4nger-300x225.jpg\" width=\"300\" height=\"225\" \/><\/a><p id=\"caption-attachment-2611\" class=\"wp-caption-text\">konzentrierte S\u00e4nger<\/p><\/div>\n","protected":false},"excerpt":{"rendered":"<p>Schon eine kleine Tradition ist das Adventskonzert des Kirchenchores. Verst\u00e4rkt durch Projekts\u00e4ngerinnen und -s\u00e4nger sowie durch ein Ensemble an Instrumentalisten und Solisten gelang Susanne Mo\u00dfmann als Leitung wieder ein Glanzst\u00fcck in einer vollbesetzten Kirche.\u00a0 Der Kirchenchor kann zurecht stolz sein &hellip; <a href=\"https:\/\/www.ekimeissenheim.de\/?p=2607\">Weiterlesen <span class=\"meta-nav\">&rarr;<\/span><\/a><\/p>\n","protected":false},"author":2,"featured_media":0,"comment_status":"open","ping_status":"open","sticky":false,"template":"","format":"standard","meta":{"ngg_post_thumbnail":0,"footnotes":""},"categories":[1],"tags":[],"class_list":["post-2607","post","type-post","status-publish","format-standard","hentry","category-allgemein"],"_links":{"self":[{"href":"https:\/\/www.ekimeissenheim.de\/index.php?rest_route=\/wp\/v2\/posts\/2607","targetHints":{"allow":["GET"]}}],"collection":[{"href":"https:\/\/www.ekimeissenheim.de\/index.php?rest_route=\/wp\/v2\/posts"}],"about":[{"href":"https:\/\/www.ekimeissenheim.de\/index.php?rest_route=\/wp\/v2\/types\/post"}],"author":[{"embeddable":true,"href":"https:\/\/www.ekimeissenheim.de\/index.php?rest_route=\/wp\/v2\/users\/2"}],"replies":[{"embeddable":true,"href":"https:\/\/www.ekimeissenheim.de\/index.php?rest_route=%2Fwp%2Fv2%2Fcomments&post=2607"}],"version-history":[{"count":1,"href":"https:\/\/www.ekimeissenheim.de\/index.php?rest_route=\/wp\/v2\/posts\/2607\/revisions"}],"predecessor-version":[{"id":2612,"href":"https:\/\/www.ekimeissenheim.de\/index.php?rest_route=\/wp\/v2\/posts\/2607\/revisions\/2612"}],"wp:attachment":[{"href":"https:\/\/www.ekimeissenheim.de\/index.php?rest_route=%2Fwp%2Fv2%2Fmedia&parent=2607"}],"wp:term":[{"taxonomy":"category","embeddable":true,"href":"https:\/\/www.ekimeissenheim.de\/index.php?rest_route=%2Fwp%2Fv2%2Fcategories&post=2607"},{"taxonomy":"post_tag","embeddable":true,"href":"https:\/\/www.ekimeissenheim.de\/index.php?rest_route=%2Fwp%2Fv2%2Ftags&post=2607"}],"curies":[{"name":"wp","href":"https:\/\/api.w.org\/{rel}","templated":true}]}}