{"id":2599,"date":"2013-12-01T18:20:09","date_gmt":"2013-12-01T16:20:09","guid":{"rendered":"http:\/\/www.ekimeissenheim.de\/?p=2599"},"modified":"2013-12-02T11:29:20","modified_gmt":"2013-12-02T09:29:20","slug":"kirchenwahlen-abgeschlossen","status":"publish","type":"post","link":"https:\/\/www.ekimeissenheim.de\/?p=2599","title":{"rendered":"Kirchenwahlen abgeschlossen"},"content":{"rendered":"<p>Am Sonntag, 1. Dezember (1. Advent) endeten die Kirchenwahlen. Sowohl in K\u00fcrzell als auch in Mei\u00dfenheim freut man sich \u00fcber eine zufriedenstellende Wahlbeteiligung, trotz der etwas verwirrenden und unsystematischen Wahlunterlagen.<br \/>\nAllen Helferinnen und Helfern &#8211; vor allem den Gemeindewahlaussch\u00fcssen &#8211; ein herzliches Dankesch\u00f6n. Das Bild zeigt den Wahlausschuss aus K\u00fcrzell beim Ausz\u00e4hlen.<br \/>\n<a href=\"http:\/\/www.ekimeissenheim.de\/wp-content\/uploads\/Kirchenwahl-2013-K\u00fcrzell.jpg\"><img loading=\"lazy\" decoding=\"async\" class=\"alignleft size-medium wp-image-2605\" alt=\"Kirchenwahl 2013 K\u00fcrzell\" src=\"http:\/\/www.ekimeissenheim.de\/wp-content\/uploads\/Kirchenwahl-2013-K\u00fcrzell-300x225.jpg\" width=\"300\" height=\"225\" \/><\/a><\/p>\n<p><strong>K\u00fcrzell: Wahlbeteiligung 35,7%<\/strong><br \/>\nHeimburger Christiane, 119 Stimmen<br \/>\nKunz Ralf, 116 Stimmen<br \/>\nWagner Rolf, 122 Stimmen<br \/>\nWagner-Rieth Joachim, 121 Stimmen<br \/>\nZanger Bettina, 125 Stimmen<\/p>\n<p><strong>Mei\u00dfenheim: Wahlbeteiligung 38,11%<\/strong><br \/>\nBertrand Heidrun, 387 Stimmen<br \/>\nGlaser Monika, 327 Stimmen<br \/>\nKasprzak Liesel, 325 Stimmen<br \/>\nKern Carmen, 340 Stimmen<br \/>\nKunz Sonja, 359 Stimmen<br \/>\nMay Matthias, 348 Stimmen<br \/>\nReith Heinz, 391 Stimmen<br \/>\nRosewich Sabine, 392 Stimmen<br \/>\nRoth Nicolas, 352 Stimmen<br \/>\nSchnebel Gerold, 305 Stimmen<\/p>\n","protected":false},"excerpt":{"rendered":"<p>Am Sonntag, 1. Dezember (1. Advent) endeten die Kirchenwahlen. Sowohl in K\u00fcrzell als auch in Mei\u00dfenheim freut man sich \u00fcber eine zufriedenstellende Wahlbeteiligung, trotz der etwas verwirrenden und unsystematischen Wahlunterlagen. Allen Helferinnen und Helfern &#8211; vor allem den Gemeindewahlaussch\u00fcssen &#8211; &hellip; <a href=\"https:\/\/www.ekimeissenheim.de\/?p=2599\">Weiterlesen <span class=\"meta-nav\">&rarr;<\/span><\/a><\/p>\n","protected":false},"author":2,"featured_media":0,"comment_status":"open","ping_status":"open","sticky":false,"template":"","format":"standard","meta":{"ngg_post_thumbnail":0,"footnotes":""},"categories":[1],"tags":[],"class_list":["post-2599","post","type-post","status-publish","format-standard","hentry","category-allgemein"],"_links":{"self":[{"href":"https:\/\/www.ekimeissenheim.de\/index.php?rest_route=\/wp\/v2\/posts\/2599","targetHints":{"allow":["GET"]}}],"collection":[{"href":"https:\/\/www.ekimeissenheim.de\/index.php?rest_route=\/wp\/v2\/posts"}],"about":[{"href":"https:\/\/www.ekimeissenheim.de\/index.php?rest_route=\/wp\/v2\/types\/post"}],"author":[{"embeddable":true,"href":"https:\/\/www.ekimeissenheim.de\/index.php?rest_route=\/wp\/v2\/users\/2"}],"replies":[{"embeddable":true,"href":"https:\/\/www.ekimeissenheim.de\/index.php?rest_route=%2Fwp%2Fv2%2Fcomments&post=2599"}],"version-history":[{"count":6,"href":"https:\/\/www.ekimeissenheim.de\/index.php?rest_route=\/wp\/v2\/posts\/2599\/revisions"}],"predecessor-version":[{"id":2606,"href":"https:\/\/www.ekimeissenheim.de\/index.php?rest_route=\/wp\/v2\/posts\/2599\/revisions\/2606"}],"wp:attachment":[{"href":"https:\/\/www.ekimeissenheim.de\/index.php?rest_route=%2Fwp%2Fv2%2Fmedia&parent=2599"}],"wp:term":[{"taxonomy":"category","embeddable":true,"href":"https:\/\/www.ekimeissenheim.de\/index.php?rest_route=%2Fwp%2Fv2%2Fcategories&post=2599"},{"taxonomy":"post_tag","embeddable":true,"href":"https:\/\/www.ekimeissenheim.de\/index.php?rest_route=%2Fwp%2Fv2%2Ftags&post=2599"}],"curies":[{"name":"wp","href":"https:\/\/api.w.org\/{rel}","templated":true}]}}