{"id":2594,"date":"2013-11-30T16:03:40","date_gmt":"2013-11-30T14:03:40","guid":{"rendered":"http:\/\/www.ekimeissenheim.de\/?p=2594"},"modified":"2013-11-30T16:03:40","modified_gmt":"2013-11-30T14:03:40","slug":"bethelsammlung-in-kuerzell","status":"publish","type":"post","link":"https:\/\/www.ekimeissenheim.de\/?p=2594","title":{"rendered":"Bethelsammlung in K\u00fcrzell"},"content":{"rendered":"<p>Ein gro\u00dfer Wagen voll Kleiders\u00e4cke konnte in K\u00fcrzell wieder eingesammelt werden. Die S\u00e4cke gehen alle nach Bethel zu den dortigen Bodelschwingschen Anstalten. Die Behinderten in den Bethelschen Einrichtungen sortieren die Kleider, bessern aus und verkaufen die Waren. Mit dem Erl\u00f6s wird die Arbeit in Bethel unterst\u00fctzt.<br \/>\n<a href=\"http:\/\/www.ekimeissenheim.de\/wp-content\/uploads\/Transport-mit-dem-Traktor.jpg\"><img loading=\"lazy\" decoding=\"async\" class=\"alignleft size-medium wp-image-2595\" alt=\"Transport mit dem Traktor\" src=\"http:\/\/www.ekimeissenheim.de\/wp-content\/uploads\/Transport-mit-dem-Traktor-300x225.jpg\" width=\"300\" height=\"225\" srcset=\"https:\/\/www.ekimeissenheim.de\/wp-content\/uploads\/Transport-mit-dem-Traktor-300x225.jpg 300w, https:\/\/www.ekimeissenheim.de\/wp-content\/uploads\/Transport-mit-dem-Traktor.jpg 800w\" sizes=\"auto, (max-width: 300px) 100vw, 300px\" \/><\/a> <a href=\"http:\/\/www.ekimeissenheim.de\/wp-content\/uploads\/ein-voller-Wagen.jpg\"><img loading=\"lazy\" decoding=\"async\" class=\"alignleft size-medium wp-image-2596\" alt=\"ein voller Wagen\" src=\"http:\/\/www.ekimeissenheim.de\/wp-content\/uploads\/ein-voller-Wagen-300x225.jpg\" width=\"300\" height=\"225\" srcset=\"https:\/\/www.ekimeissenheim.de\/wp-content\/uploads\/ein-voller-Wagen-300x225.jpg 300w, https:\/\/www.ekimeissenheim.de\/wp-content\/uploads\/ein-voller-Wagen.jpg 800w\" sizes=\"auto, (max-width: 300px) 100vw, 300px\" \/><\/a> <a href=\"http:\/\/www.ekimeissenheim.de\/wp-content\/uploads\/Jakob-schleppt-schwer.jpg\"><img loading=\"lazy\" decoding=\"async\" class=\"alignleft size-medium wp-image-2597\" alt=\"Jakob schleppt schwer\" src=\"http:\/\/www.ekimeissenheim.de\/wp-content\/uploads\/Jakob-schleppt-schwer-300x225.jpg\" width=\"300\" height=\"225\" srcset=\"https:\/\/www.ekimeissenheim.de\/wp-content\/uploads\/Jakob-schleppt-schwer-300x225.jpg 300w, https:\/\/www.ekimeissenheim.de\/wp-content\/uploads\/Jakob-schleppt-schwer.jpg 800w\" sizes=\"auto, (max-width: 300px) 100vw, 300px\" \/><\/a><\/p>\n","protected":false},"excerpt":{"rendered":"<p>Ein gro\u00dfer Wagen voll Kleiders\u00e4cke konnte in K\u00fcrzell wieder eingesammelt werden. Die S\u00e4cke gehen alle nach Bethel zu den dortigen Bodelschwingschen Anstalten. Die Behinderten in den Bethelschen Einrichtungen sortieren die Kleider, bessern aus und verkaufen die Waren. Mit dem Erl\u00f6s &hellip; <a href=\"https:\/\/www.ekimeissenheim.de\/?p=2594\">Weiterlesen <span class=\"meta-nav\">&rarr;<\/span><\/a><\/p>\n","protected":false},"author":2,"featured_media":0,"comment_status":"open","ping_status":"open","sticky":false,"template":"","format":"standard","meta":{"ngg_post_thumbnail":0,"footnotes":""},"categories":[1],"tags":[],"class_list":["post-2594","post","type-post","status-publish","format-standard","hentry","category-allgemein"],"_links":{"self":[{"href":"https:\/\/www.ekimeissenheim.de\/index.php?rest_route=\/wp\/v2\/posts\/2594","targetHints":{"allow":["GET"]}}],"collection":[{"href":"https:\/\/www.ekimeissenheim.de\/index.php?rest_route=\/wp\/v2\/posts"}],"about":[{"href":"https:\/\/www.ekimeissenheim.de\/index.php?rest_route=\/wp\/v2\/types\/post"}],"author":[{"embeddable":true,"href":"https:\/\/www.ekimeissenheim.de\/index.php?rest_route=\/wp\/v2\/users\/2"}],"replies":[{"embeddable":true,"href":"https:\/\/www.ekimeissenheim.de\/index.php?rest_route=%2Fwp%2Fv2%2Fcomments&post=2594"}],"version-history":[{"count":1,"href":"https:\/\/www.ekimeissenheim.de\/index.php?rest_route=\/wp\/v2\/posts\/2594\/revisions"}],"predecessor-version":[{"id":2598,"href":"https:\/\/www.ekimeissenheim.de\/index.php?rest_route=\/wp\/v2\/posts\/2594\/revisions\/2598"}],"wp:attachment":[{"href":"https:\/\/www.ekimeissenheim.de\/index.php?rest_route=%2Fwp%2Fv2%2Fmedia&parent=2594"}],"wp:term":[{"taxonomy":"category","embeddable":true,"href":"https:\/\/www.ekimeissenheim.de\/index.php?rest_route=%2Fwp%2Fv2%2Fcategories&post=2594"},{"taxonomy":"post_tag","embeddable":true,"href":"https:\/\/www.ekimeissenheim.de\/index.php?rest_route=%2Fwp%2Fv2%2Ftags&post=2594"}],"curies":[{"name":"wp","href":"https:\/\/api.w.org\/{rel}","templated":true}]}}