{"id":2529,"date":"2013-10-22T20:11:06","date_gmt":"2013-10-22T18:11:06","guid":{"rendered":"http:\/\/www.ekimeissenheim.de\/?p=2529"},"modified":"2013-10-22T20:11:06","modified_gmt":"2013-10-22T18:11:06","slug":"krabbelgottesdienst-unter-gottes-segen","status":"publish","type":"post","link":"https:\/\/www.ekimeissenheim.de\/?p=2529","title":{"rendered":"Krabbelgottesdienst &#8211; unter Gottes Segen"},"content":{"rendered":"<p>Am Samstag, 19. Oktober trafen sich wieder viele Kinder mit ihren Eltern und Gro\u00dfeltern zum Krabbelgottesdienst. &#8222;Unter Gottes Segen geborgen&#8220;, so lautete das Thema. Viel Spa\u00df machte die Erfahrung f\u00fcr die Kinder unter einem riesigen Schirm geborgen zu sein. Hier ein paar Eindr\u00fccke.<br \/>\n<div id='gallery-1' class='gallery galleryid-2529 gallery-columns-3 gallery-size-thumbnail'><dl class='gallery-item'>\n\t\t\t<dt class='gallery-icon landscape'>\n\t\t\t\t<a href='https:\/\/www.ekimeissenheim.de\/?attachment_id=2530'><img loading=\"lazy\" decoding=\"async\" width=\"150\" height=\"150\" src=\"https:\/\/www.ekimeissenheim.de\/wp-content\/uploads\/Unterm-Schwungtuch-wie-unterm-Segen-Gottes-150x150.jpg\" class=\"attachment-thumbnail size-thumbnail\" alt=\"\" \/><\/a>\n\t\t\t<\/dt><\/dl><dl class='gallery-item'>\n\t\t\t<dt class='gallery-icon landscape'>\n\t\t\t\t<a href='https:\/\/www.ekimeissenheim.de\/?attachment_id=2531'><img loading=\"lazy\" decoding=\"async\" width=\"150\" height=\"150\" src=\"https:\/\/www.ekimeissenheim.de\/wp-content\/uploads\/aufmerksame-Kinder-150x150.jpg\" class=\"attachment-thumbnail size-thumbnail\" alt=\"\" \/><\/a>\n\t\t\t<\/dt><\/dl><dl class='gallery-item'>\n\t\t\t<dt class='gallery-icon landscape'>\n\t\t\t\t<a href='https:\/\/www.ekimeissenheim.de\/?attachment_id=2532'><img loading=\"lazy\" decoding=\"async\" width=\"150\" height=\"150\" src=\"https:\/\/www.ekimeissenheim.de\/wp-content\/uploads\/Kinder-gestalten-einen-Regenschirm-mit-Segenstext-150x150.jpg\" class=\"attachment-thumbnail size-thumbnail\" alt=\"\" \/><\/a>\n\t\t\t<\/dt><\/dl><br style=\"clear: both\" \/><dl class='gallery-item'>\n\t\t\t<dt class='gallery-icon landscape'>\n\t\t\t\t<a href='https:\/\/www.ekimeissenheim.de\/?attachment_id=2533'><img loading=\"lazy\" decoding=\"async\" width=\"150\" height=\"150\" src=\"https:\/\/www.ekimeissenheim.de\/wp-content\/uploads\/unterm-Schwungtuch-wie-geborgen-150x150.jpg\" class=\"attachment-thumbnail size-thumbnail\" alt=\"\" \/><\/a>\n\t\t\t<\/dt><\/dl>\n\t\t\t<br style='clear: both' \/>\n\t\t<\/div>\n<\/p>\n","protected":false},"excerpt":{"rendered":"<p>Am Samstag, 19. Oktober trafen sich wieder viele Kinder mit ihren Eltern und Gro\u00dfeltern zum Krabbelgottesdienst. &#8222;Unter Gottes Segen geborgen&#8220;, so lautete das Thema. Viel Spa\u00df machte die Erfahrung f\u00fcr die Kinder unter einem riesigen Schirm geborgen zu sein. Hier &hellip; <a href=\"https:\/\/www.ekimeissenheim.de\/?p=2529\">Weiterlesen <span class=\"meta-nav\">&rarr;<\/span><\/a><\/p>\n","protected":false},"author":2,"featured_media":0,"comment_status":"open","ping_status":"open","sticky":false,"template":"","format":"standard","meta":{"ngg_post_thumbnail":0,"footnotes":""},"categories":[1],"tags":[],"class_list":["post-2529","post","type-post","status-publish","format-standard","hentry","category-allgemein"],"_links":{"self":[{"href":"https:\/\/www.ekimeissenheim.de\/index.php?rest_route=\/wp\/v2\/posts\/2529","targetHints":{"allow":["GET"]}}],"collection":[{"href":"https:\/\/www.ekimeissenheim.de\/index.php?rest_route=\/wp\/v2\/posts"}],"about":[{"href":"https:\/\/www.ekimeissenheim.de\/index.php?rest_route=\/wp\/v2\/types\/post"}],"author":[{"embeddable":true,"href":"https:\/\/www.ekimeissenheim.de\/index.php?rest_route=\/wp\/v2\/users\/2"}],"replies":[{"embeddable":true,"href":"https:\/\/www.ekimeissenheim.de\/index.php?rest_route=%2Fwp%2Fv2%2Fcomments&post=2529"}],"version-history":[{"count":1,"href":"https:\/\/www.ekimeissenheim.de\/index.php?rest_route=\/wp\/v2\/posts\/2529\/revisions"}],"predecessor-version":[{"id":2534,"href":"https:\/\/www.ekimeissenheim.de\/index.php?rest_route=\/wp\/v2\/posts\/2529\/revisions\/2534"}],"wp:attachment":[{"href":"https:\/\/www.ekimeissenheim.de\/index.php?rest_route=%2Fwp%2Fv2%2Fmedia&parent=2529"}],"wp:term":[{"taxonomy":"category","embeddable":true,"href":"https:\/\/www.ekimeissenheim.de\/index.php?rest_route=%2Fwp%2Fv2%2Fcategories&post=2529"},{"taxonomy":"post_tag","embeddable":true,"href":"https:\/\/www.ekimeissenheim.de\/index.php?rest_route=%2Fwp%2Fv2%2Ftags&post=2529"}],"curies":[{"name":"wp","href":"https:\/\/api.w.org\/{rel}","templated":true}]}}