{"id":2515,"date":"2013-10-13T15:37:11","date_gmt":"2013-10-13T13:37:11","guid":{"rendered":"http:\/\/www.ekimeissenheim.de\/?p=2515"},"modified":"2013-10-13T15:37:11","modified_gmt":"2013-10-13T13:37:11","slug":"kirchenchor-ehrt-langjaehrige-saengerinnen-an-erntedank","status":"publish","type":"post","link":"https:\/\/www.ekimeissenheim.de\/?p=2515","title":{"rendered":"Kirchenchor ehrt langj\u00e4hrige S\u00e4ngerinnen an Erntedank"},"content":{"rendered":"<p>Den Erntedankgottesdienst nutzte der Kirchenchor zur Ehrung langj\u00e4hriger S\u00e4ngerinnen. Geehrt wurden f\u00fcr vielj\u00e4hrige Sangest\u00e4tigkeit:<br \/>\nClarissa Maletz (20 Jahre)<br \/>\nSigrid Kunz (30 Jahre)<br \/>\nDora Schlenker (30 Jahre)<br \/>\nIlse Zeiser (35 Jahre)<br \/>\nIlse Roll (45 Jahre)<br \/>\nMonika Rosewich (50 Jahre)<br \/>\nMargarete Deutscher (60 Jahre)<br \/>\nErna Z\u00fcrcher (65 Jahre)<br \/>\nDie Laudatio auf die Jubilare hielt die Kirchenchor-Obfrau Herta Hannemann. Das Gruppenbild zeigt die Geehrten, so wie die Obleute Herta Hannemann und Friedhelm Huser, die Dirigentin des Chores Susanne Mo\u00dfmann und Pfarrer Adler.<\/p>\n<div id=\"attachment_2516\" style=\"width: 235px\" class=\"wp-caption alignleft\"><a href=\"http:\/\/www.ekimeissenheim.de\/wp-content\/uploads\/Margarete-Deutscher-Erna-Z\u00fcrcher.jpg\"><img loading=\"lazy\" decoding=\"async\" aria-describedby=\"caption-attachment-2516\" class=\"size-medium wp-image-2516\" alt=\"Margarete Deutscher, Erna Z\u00fcrcher\" src=\"http:\/\/www.ekimeissenheim.de\/wp-content\/uploads\/Margarete-Deutscher-Erna-Z\u00fcrcher-225x300.jpg\" width=\"225\" height=\"300\" \/><\/a><p id=\"caption-attachment-2516\" class=\"wp-caption-text\">Margarete Deutscher, Erna Z\u00fcrcher<\/p><\/div>\n<div id=\"attachment_2517\" style=\"width: 310px\" class=\"wp-caption alignleft\"><a href=\"http:\/\/www.ekimeissenheim.de\/wp-content\/uploads\/Die-Geehrten-des-Kirchenchores.jpg\"><img loading=\"lazy\" decoding=\"async\" aria-describedby=\"caption-attachment-2517\" class=\"size-medium wp-image-2517\" alt=\"Die Geehrten des Kirchenchores\" src=\"http:\/\/www.ekimeissenheim.de\/wp-content\/uploads\/Die-Geehrten-des-Kirchenchores-300x225.jpg\" width=\"300\" height=\"225\" srcset=\"https:\/\/www.ekimeissenheim.de\/wp-content\/uploads\/Die-Geehrten-des-Kirchenchores-300x225.jpg 300w, https:\/\/www.ekimeissenheim.de\/wp-content\/uploads\/Die-Geehrten-des-Kirchenchores.jpg 800w\" sizes=\"auto, (max-width: 300px) 100vw, 300px\" \/><\/a><p id=\"caption-attachment-2517\" class=\"wp-caption-text\">Die Geehrten des Kirchenchores<\/p><\/div>\n<div id=\"attachment_2518\" style=\"width: 235px\" class=\"wp-caption alignleft\"><a href=\"http:\/\/www.ekimeissenheim.de\/wp-content\/uploads\/Herta-Hannemann-bei-der-Laudatio.jpg\"><img loading=\"lazy\" decoding=\"async\" aria-describedby=\"caption-attachment-2518\" class=\"size-medium wp-image-2518\" alt=\"Herta Hannemann bei der Laudatio\" src=\"http:\/\/www.ekimeissenheim.de\/wp-content\/uploads\/Herta-Hannemann-bei-der-Laudatio-225x300.jpg\" width=\"225\" height=\"300\" srcset=\"https:\/\/www.ekimeissenheim.de\/wp-content\/uploads\/Herta-Hannemann-bei-der-Laudatio-225x300.jpg 225w, https:\/\/www.ekimeissenheim.de\/wp-content\/uploads\/Herta-Hannemann-bei-der-Laudatio.jpg 600w\" sizes=\"auto, (max-width: 225px) 100vw, 225px\" \/><\/a><p id=\"caption-attachment-2518\" class=\"wp-caption-text\">Herta Hannemann bei der Laudatio<\/p><\/div>\n","protected":false},"excerpt":{"rendered":"<p>Den Erntedankgottesdienst nutzte der Kirchenchor zur Ehrung langj\u00e4hriger S\u00e4ngerinnen. Geehrt wurden f\u00fcr vielj\u00e4hrige Sangest\u00e4tigkeit: Clarissa Maletz (20 Jahre) Sigrid Kunz (30 Jahre) Dora Schlenker (30 Jahre) Ilse Zeiser (35 Jahre) Ilse Roll (45 Jahre) Monika Rosewich (50 Jahre) Margarete Deutscher &hellip; <a href=\"https:\/\/www.ekimeissenheim.de\/?p=2515\">Weiterlesen <span class=\"meta-nav\">&rarr;<\/span><\/a><\/p>\n","protected":false},"author":2,"featured_media":0,"comment_status":"open","ping_status":"open","sticky":false,"template":"","format":"standard","meta":{"ngg_post_thumbnail":0,"footnotes":""},"categories":[1],"tags":[],"class_list":["post-2515","post","type-post","status-publish","format-standard","hentry","category-allgemein"],"_links":{"self":[{"href":"https:\/\/www.ekimeissenheim.de\/index.php?rest_route=\/wp\/v2\/posts\/2515","targetHints":{"allow":["GET"]}}],"collection":[{"href":"https:\/\/www.ekimeissenheim.de\/index.php?rest_route=\/wp\/v2\/posts"}],"about":[{"href":"https:\/\/www.ekimeissenheim.de\/index.php?rest_route=\/wp\/v2\/types\/post"}],"author":[{"embeddable":true,"href":"https:\/\/www.ekimeissenheim.de\/index.php?rest_route=\/wp\/v2\/users\/2"}],"replies":[{"embeddable":true,"href":"https:\/\/www.ekimeissenheim.de\/index.php?rest_route=%2Fwp%2Fv2%2Fcomments&post=2515"}],"version-history":[{"count":1,"href":"https:\/\/www.ekimeissenheim.de\/index.php?rest_route=\/wp\/v2\/posts\/2515\/revisions"}],"predecessor-version":[{"id":2519,"href":"https:\/\/www.ekimeissenheim.de\/index.php?rest_route=\/wp\/v2\/posts\/2515\/revisions\/2519"}],"wp:attachment":[{"href":"https:\/\/www.ekimeissenheim.de\/index.php?rest_route=%2Fwp%2Fv2%2Fmedia&parent=2515"}],"wp:term":[{"taxonomy":"category","embeddable":true,"href":"https:\/\/www.ekimeissenheim.de\/index.php?rest_route=%2Fwp%2Fv2%2Fcategories&post=2515"},{"taxonomy":"post_tag","embeddable":true,"href":"https:\/\/www.ekimeissenheim.de\/index.php?rest_route=%2Fwp%2Fv2%2Ftags&post=2515"}],"curies":[{"name":"wp","href":"https:\/\/api.w.org\/{rel}","templated":true}]}}