{"id":2509,"date":"2013-10-13T15:27:52","date_gmt":"2013-10-13T13:27:52","guid":{"rendered":"http:\/\/www.ekimeissenheim.de\/?p=2509"},"modified":"2013-10-13T15:27:52","modified_gmt":"2013-10-13T13:27:52","slug":"erntedank-2013","status":"publish","type":"post","link":"https:\/\/www.ekimeissenheim.de\/?p=2509","title":{"rendered":"Erntedank 2013"},"content":{"rendered":"<p>In K\u00fcrzell feierten wir am 6. Oktober, in Mei\u00dfenheim am 13. Oktober Erntedank.<br \/>\nIn beiden Kirchen war der Altar und die Kirche feierlich geschm\u00fcckt mit vielem aus Feld und Garten. Erntedank erinnert uns daran, dass wir von Bedingungen leben, die wir nicht selbst machen, aber auch daran, dass wir viel haben, wof\u00fcr zu danken lohnt.<br \/>\nIn der Mei\u00dfenheimer Kirche hatten die Kinder vom Kindergarten &#8222;Arche Noah&#8220; einen Baum aus Fr\u00fcchten gestaltet und drei Konfirmanden halfen den Mesnern die Erntegaben sch\u00f6n hinzurichten.<\/p>\n<div id=\"attachment_2510\" style=\"width: 310px\" class=\"wp-caption alignleft\"><a href=\"http:\/\/www.ekimeissenheim.de\/wp-content\/uploads\/Konfirmanden-schm\u00fccken-den-Altar-in-Mei\u00dfenheim2.jpg\"><img loading=\"lazy\" decoding=\"async\" aria-describedby=\"caption-attachment-2510\" class=\"size-medium wp-image-2510\" alt=\"Alisa beim Gestalten\" src=\"http:\/\/www.ekimeissenheim.de\/wp-content\/uploads\/Konfirmanden-schm\u00fccken-den-Altar-in-Mei\u00dfenheim2-300x225.jpg\" width=\"300\" height=\"225\" \/><\/a><p id=\"caption-attachment-2510\" class=\"wp-caption-text\">Alisa beim Gestalten<\/p><\/div>\n<div id=\"attachment_2511\" style=\"width: 235px\" class=\"wp-caption alignleft\"><a href=\"http:\/\/www.ekimeissenheim.de\/wp-content\/uploads\/Erntedank-Baum-des-Kindergartens.jpg\"><img loading=\"lazy\" decoding=\"async\" aria-describedby=\"caption-attachment-2511\" class=\"size-medium wp-image-2511\" alt=\"Baum aus Fr\u00fcchten von den Kindern des Kindergartens\" src=\"http:\/\/www.ekimeissenheim.de\/wp-content\/uploads\/Erntedank-Baum-des-Kindergartens-225x300.jpg\" width=\"225\" height=\"300\" srcset=\"https:\/\/www.ekimeissenheim.de\/wp-content\/uploads\/Erntedank-Baum-des-Kindergartens-225x300.jpg 225w, https:\/\/www.ekimeissenheim.de\/wp-content\/uploads\/Erntedank-Baum-des-Kindergartens.jpg 600w\" sizes=\"auto, (max-width: 225px) 100vw, 225px\" \/><\/a><p id=\"caption-attachment-2511\" class=\"wp-caption-text\">Baum aus Fr\u00fcchten von den Kindern des Kindergartens<\/p><\/div>\n<div id=\"attachment_2512\" style=\"width: 310px\" class=\"wp-caption alignleft\"><a href=\"http:\/\/www.ekimeissenheim.de\/wp-content\/uploads\/Erntedankaltar-K\u00fcrzell.jpg\"><img loading=\"lazy\" decoding=\"async\" aria-describedby=\"caption-attachment-2512\" class=\"size-medium wp-image-2512\" alt=\"Erntedankaltar in K\u00fcrzell\" src=\"http:\/\/www.ekimeissenheim.de\/wp-content\/uploads\/Erntedankaltar-K\u00fcrzell-300x225.jpg\" width=\"300\" height=\"225\" \/><\/a><p id=\"caption-attachment-2512\" class=\"wp-caption-text\">Erntedankaltar in K\u00fcrzell<\/p><\/div>\n<div id=\"attachment_2513\" style=\"width: 310px\" class=\"wp-caption alignleft\"><a href=\"http:\/\/www.ekimeissenheim.de\/wp-content\/uploads\/Konfirmanden-schm\u00fccken-den-Altar-in-Mei\u00dfenheim1.jpg\"><img loading=\"lazy\" decoding=\"async\" aria-describedby=\"caption-attachment-2513\" class=\"size-medium wp-image-2513\" alt=\"Tim und Pascal bei der Arbeit\" src=\"http:\/\/www.ekimeissenheim.de\/wp-content\/uploads\/Konfirmanden-schm\u00fccken-den-Altar-in-Mei\u00dfenheim1-300x225.jpg\" width=\"300\" height=\"225\" \/><\/a><p id=\"caption-attachment-2513\" class=\"wp-caption-text\">Tim und Pascal bei der Arbeit<\/p><\/div>\n","protected":false},"excerpt":{"rendered":"<p>In K\u00fcrzell feierten wir am 6. Oktober, in Mei\u00dfenheim am 13. Oktober Erntedank. In beiden Kirchen war der Altar und die Kirche feierlich geschm\u00fcckt mit vielem aus Feld und Garten. Erntedank erinnert uns daran, dass wir von Bedingungen leben, die &hellip; <a href=\"https:\/\/www.ekimeissenheim.de\/?p=2509\">Weiterlesen <span class=\"meta-nav\">&rarr;<\/span><\/a><\/p>\n","protected":false},"author":2,"featured_media":0,"comment_status":"open","ping_status":"open","sticky":false,"template":"","format":"standard","meta":{"ngg_post_thumbnail":0,"footnotes":""},"categories":[1],"tags":[],"class_list":["post-2509","post","type-post","status-publish","format-standard","hentry","category-allgemein"],"_links":{"self":[{"href":"https:\/\/www.ekimeissenheim.de\/index.php?rest_route=\/wp\/v2\/posts\/2509","targetHints":{"allow":["GET"]}}],"collection":[{"href":"https:\/\/www.ekimeissenheim.de\/index.php?rest_route=\/wp\/v2\/posts"}],"about":[{"href":"https:\/\/www.ekimeissenheim.de\/index.php?rest_route=\/wp\/v2\/types\/post"}],"author":[{"embeddable":true,"href":"https:\/\/www.ekimeissenheim.de\/index.php?rest_route=\/wp\/v2\/users\/2"}],"replies":[{"embeddable":true,"href":"https:\/\/www.ekimeissenheim.de\/index.php?rest_route=%2Fwp%2Fv2%2Fcomments&post=2509"}],"version-history":[{"count":1,"href":"https:\/\/www.ekimeissenheim.de\/index.php?rest_route=\/wp\/v2\/posts\/2509\/revisions"}],"predecessor-version":[{"id":2514,"href":"https:\/\/www.ekimeissenheim.de\/index.php?rest_route=\/wp\/v2\/posts\/2509\/revisions\/2514"}],"wp:attachment":[{"href":"https:\/\/www.ekimeissenheim.de\/index.php?rest_route=%2Fwp%2Fv2%2Fmedia&parent=2509"}],"wp:term":[{"taxonomy":"category","embeddable":true,"href":"https:\/\/www.ekimeissenheim.de\/index.php?rest_route=%2Fwp%2Fv2%2Fcategories&post=2509"},{"taxonomy":"post_tag","embeddable":true,"href":"https:\/\/www.ekimeissenheim.de\/index.php?rest_route=%2Fwp%2Fv2%2Ftags&post=2509"}],"curies":[{"name":"wp","href":"https:\/\/api.w.org\/{rel}","templated":true}]}}