{"id":2496,"date":"2013-10-07T08:21:35","date_gmt":"2013-10-07T06:21:35","guid":{"rendered":"http:\/\/www.ekimeissenheim.de\/?p=2496"},"modified":"2013-10-07T08:21:35","modified_gmt":"2013-10-07T06:21:35","slug":"frauenfruehstueck-himmlische-aussichten","status":"publish","type":"post","link":"https:\/\/www.ekimeissenheim.de\/?p=2496","title":{"rendered":"Frauenfr\u00fchst\u00fcck &#8211; himmlische Aussichten"},"content":{"rendered":"<p>Am Samstag, 5. Oktober trafen sich mehr als 50 Frauen zum dritten Frauenfr\u00fchst\u00fcck der Kirchengemeinden K\u00fcrzell und Mei\u00dfenheim.Als Referent konnte Kirchenrat Hans-Martin Steffe aus Karlsruhe gewonnen werden. Hans-Martin Steffe leitet in der Landeskirche das Amt f\u00fcr missionarische Dienste. Gespannt h\u00f6rten die Frauen seinen Ausf\u00fchrungen zu. &#8222;Himmlische Aussichten &#8211; unsere Heimat im Himmel&#8220;, so lautete das Thema. Und so umriss der Referent, was es denn zu hoffen gibt im christlichen Glauben und wie sich diese Hoffnung im Alltag wirksam zeigt.<\/p>\n<div id=\"attachment_2497\" style=\"width: 310px\" class=\"wp-caption alignleft\"><a href=\"http:\/\/www.ekimeissenheim.de\/wp-content\/uploads\/Hans-Martin-Steffe-bei-seinem-Vortrag.jpg\"><img loading=\"lazy\" decoding=\"async\" aria-describedby=\"caption-attachment-2497\" class=\"size-medium wp-image-2497\" alt=\"Hans-Martin Steffe bei seinem Vortrag\" src=\"http:\/\/www.ekimeissenheim.de\/wp-content\/uploads\/Hans-Martin-Steffe-bei-seinem-Vortrag-300x225.jpg\" width=\"300\" height=\"225\" srcset=\"https:\/\/www.ekimeissenheim.de\/wp-content\/uploads\/Hans-Martin-Steffe-bei-seinem-Vortrag-300x225.jpg 300w, https:\/\/www.ekimeissenheim.de\/wp-content\/uploads\/Hans-Martin-Steffe-bei-seinem-Vortrag.jpg 800w\" sizes=\"auto, (max-width: 300px) 100vw, 300px\" \/><\/a><p id=\"caption-attachment-2497\" class=\"wp-caption-text\">Hans-Martin Steffe bei seinem Vortrag<\/p><\/div>\n<div id=\"attachment_2498\" style=\"width: 310px\" class=\"wp-caption alignleft\"><a href=\"http:\/\/www.ekimeissenheim.de\/wp-content\/uploads\/aufmerksame-Frauen.jpg\"><img loading=\"lazy\" decoding=\"async\" aria-describedby=\"caption-attachment-2498\" class=\"size-medium wp-image-2498\" alt=\"aufmerksame Frauen\" src=\"http:\/\/www.ekimeissenheim.de\/wp-content\/uploads\/aufmerksame-Frauen-300x225.jpg\" width=\"300\" height=\"225\" srcset=\"https:\/\/www.ekimeissenheim.de\/wp-content\/uploads\/aufmerksame-Frauen-300x225.jpg 300w, https:\/\/www.ekimeissenheim.de\/wp-content\/uploads\/aufmerksame-Frauen.jpg 800w\" sizes=\"auto, (max-width: 300px) 100vw, 300px\" \/><\/a><p id=\"caption-attachment-2498\" class=\"wp-caption-text\">aufmerksame Frauen<\/p><\/div>\n","protected":false},"excerpt":{"rendered":"<p>Am Samstag, 5. Oktober trafen sich mehr als 50 Frauen zum dritten Frauenfr\u00fchst\u00fcck der Kirchengemeinden K\u00fcrzell und Mei\u00dfenheim.Als Referent konnte Kirchenrat Hans-Martin Steffe aus Karlsruhe gewonnen werden. Hans-Martin Steffe leitet in der Landeskirche das Amt f\u00fcr missionarische Dienste. Gespannt h\u00f6rten &hellip; <a href=\"https:\/\/www.ekimeissenheim.de\/?p=2496\">Weiterlesen <span class=\"meta-nav\">&rarr;<\/span><\/a><\/p>\n","protected":false},"author":2,"featured_media":0,"comment_status":"open","ping_status":"open","sticky":false,"template":"","format":"standard","meta":{"ngg_post_thumbnail":0,"footnotes":""},"categories":[1],"tags":[],"class_list":["post-2496","post","type-post","status-publish","format-standard","hentry","category-allgemein"],"_links":{"self":[{"href":"https:\/\/www.ekimeissenheim.de\/index.php?rest_route=\/wp\/v2\/posts\/2496","targetHints":{"allow":["GET"]}}],"collection":[{"href":"https:\/\/www.ekimeissenheim.de\/index.php?rest_route=\/wp\/v2\/posts"}],"about":[{"href":"https:\/\/www.ekimeissenheim.de\/index.php?rest_route=\/wp\/v2\/types\/post"}],"author":[{"embeddable":true,"href":"https:\/\/www.ekimeissenheim.de\/index.php?rest_route=\/wp\/v2\/users\/2"}],"replies":[{"embeddable":true,"href":"https:\/\/www.ekimeissenheim.de\/index.php?rest_route=%2Fwp%2Fv2%2Fcomments&post=2496"}],"version-history":[{"count":1,"href":"https:\/\/www.ekimeissenheim.de\/index.php?rest_route=\/wp\/v2\/posts\/2496\/revisions"}],"predecessor-version":[{"id":2499,"href":"https:\/\/www.ekimeissenheim.de\/index.php?rest_route=\/wp\/v2\/posts\/2496\/revisions\/2499"}],"wp:attachment":[{"href":"https:\/\/www.ekimeissenheim.de\/index.php?rest_route=%2Fwp%2Fv2%2Fmedia&parent=2496"}],"wp:term":[{"taxonomy":"category","embeddable":true,"href":"https:\/\/www.ekimeissenheim.de\/index.php?rest_route=%2Fwp%2Fv2%2Fcategories&post=2496"},{"taxonomy":"post_tag","embeddable":true,"href":"https:\/\/www.ekimeissenheim.de\/index.php?rest_route=%2Fwp%2Fv2%2Ftags&post=2496"}],"curies":[{"name":"wp","href":"https:\/\/api.w.org\/{rel}","templated":true}]}}